{"id":462809,"date":"2017-02-21T15:30:21","date_gmt":"2017-02-21T21:30:21","guid":{"rendered":"https:\/\/www.futboltotal.com.mx\/?p=462809"},"modified":"2017-02-21T15:30:21","modified_gmt":"2017-02-21T21:30:21","slug":"marco-fabian-esta-cerca-volver-lesion","status":"publish","type":"post","link":"http:\/\/desarrollo.grupomedios.com\/futbol\/futbol-internacional\/marco-fabian-esta-cerca-volver-lesion\/2017\/02","title":{"rendered":"Marco Fabi\u00e1n est\u00e1 cerca de volver de su lesi\u00f3n"},"content":{"rendered":"<p><strong>Marco Fabi\u00e1n<\/strong> est\u00e1 a unos d\u00edas de volver a jugar con el Eintracht Frankfurt, luego de haber sufrido una lesi\u00f3n que lo dejara fuera por m\u00e1s de un mes y adem\u00e1s interrumpiera un tremendo andar del mexicano en Alemania.<\/p>\n<p><strong>Marquito<\/strong> habl\u00f3 para el diario <em>El Pa\u00eds,<\/em> en donde coment\u00f3 lo complicado que ha sido su recuperaci\u00f3n, pero en base a mucha paciencia a podido irse recuperando y estar casi listo para entrenar con las <em>\u00c1guilas.\u00a0<\/em><\/p>\n<p style=\"text-align: center;\"><span style=\"color: #3366ff;\"><a style=\"color: #3366ff;\" href=\"https:\/\/www.futboltotal.com.mx\/2017\/02\/marco-fabian-toma-relevo-chicharito-novia-espanola\/\" target=\"_blank\">LEER M\u00c1S: Marco Fabi\u00e1n toma \u2018relevo\u2019 de Chicharito y tiene novia espa\u00f1ola<\/a><\/span><\/p>\n<blockquote><p>&#8220;Es dif\u00edcil, a veces no somos capaces de pensar que esto puede pasar en cualquier momento. Ten\u00eda las ganas de estar siempre, sobre todo ahora que vivo uno de mis mejores momentos. La primera semana es muy dif\u00edcil de asimilar, tengo las ansias de volver (a las canchas). La lesi\u00f3n es una lucha con la paciencia, tienes que manejar bien tus pensamientos y cuidar el cuerpo es primordial. Es mejor ausentarse dos meses que perder m\u00e1s despu\u00e9s en tu carrera&#8221;, coment\u00f3 el mexicano.<\/p><\/blockquote>\n<p><strong>Fabi\u00e1n<\/strong> declar\u00f3 que se ha ido haciendo a la idea \u00a0de lo complicado que ser\u00eda la recuperaci\u00f3n, pero que se encuentra listo.<\/p>\n<blockquote><p>&#8220;Prefer\u00ed hacerme a la idea de que esto iba a ser lento. Apenas voy a cumplir un mes lesionado y estoy cada vez m\u00e1s cerca de regresar&#8221;, fueron las palabras de <strong>Marco.<\/strong><\/p><\/blockquote>\n<p>Para finalizar habl\u00f3 sobre los comentarios que le llegaban cuando militaba en Chivas y que constantemente eran burlas sobre las fiestas a las que acud\u00eda el juvenil.<\/p>\n<blockquote><p>&#8220;Si me hubiera afectado no estar\u00eda donde estoy. Soy una persona mentalmente fuerte, sin duda se sali\u00f3 un poco de control dos o tres veces cuando jugu\u00e9 en Chivas e hice mal las cosas. Quiz\u00e1 en ese lapso el equipo no estaba en su mejor momento y la afici\u00f3n me agarr\u00f3 en momentos muy malos&#8221;, puntualiz\u00f3 el mexicano.<\/p><\/blockquote>\n<p>S\u00edguenos en Twitter: <a href=\"https:\/\/twitter.com\/MXFutbolTotal\" target=\"_blank\">@MXFutbolTotal<\/a><\/p>\n","protected":false},"excerpt":{"rendered":"<p>El mexicano coment\u00f3 que ha sido muy paciente para recuperarse. <\/p>\n","protected":false},"author":20,"featured_media":462827,"comment_status":"closed","ping_status":"closed","sticky":false,"template":"","format":"standard","meta":[],"categories":[3839,6718],"tags":[3588,131],"_links":{"self":[{"href":"http:\/\/desarrollo.grupomedios.com\/futbol\/wp-json\/wp\/v2\/posts\/462809"}],"collection":[{"href":"http:\/\/desarrollo.grupomedios.com\/futbol\/wp-json\/wp\/v2\/posts"}],"about":[{"href":"http:\/\/desarrollo.grupomedios.com\/futbol\/wp-json\/wp\/v2\/types\/post"}],"author":[{"embeddable":true,"href":"http:\/\/desarrollo.grupomedios.com\/futbol\/wp-json\/wp\/v2\/users\/20"}],"replies":[{"embeddable":true,"href":"http:\/\/desarrollo.grupomedios.com\/futbol\/wp-json\/wp\/v2\/comments?post=462809"}],"version-history":[{"count":0,"href":"http:\/\/desarrollo.grupomedios.com\/futbol\/wp-json\/wp\/v2\/posts\/462809\/revisions"}],"wp:featuredmedia":[{"embeddable":true,"href":"http:\/\/desarrollo.grupomedios.com\/futbol\/wp-json\/wp\/v2\/media\/462827"}],"wp:attachment":[{"href":"http:\/\/desarrollo.grupomedios.com\/futbol\/wp-json\/wp\/v2\/media?parent=462809"}],"wp:term":[{"taxonomy":"category","embeddable":true,"href":"http:\/\/desarrollo.grupomedios.com\/futbol\/wp-json\/wp\/v2\/categories?post=462809"},{"taxonomy":"post_tag","embeddable":true,"href":"http:\/\/desarrollo.grupomedios.com\/futbol\/wp-json\/wp\/v2\/tags?post=462809"}],"curies":[{"name":"wp","href":"https:\/\/api.w.org\/{rel}","templated":true}]}}