{"id":462854,"date":"2017-02-21T16:24:21","date_gmt":"2017-02-21T22:24:21","guid":{"rendered":"https:\/\/www.futboltotal.com.mx\/?p=462854"},"modified":"2017-02-21T16:24:21","modified_gmt":"2017-02-21T22:24:21","slug":"zidane-deja-en-incognita-pepe","status":"publish","type":"post","link":"http:\/\/desarrollo.grupomedios.com\/futbol\/futbol-internacional\/zidane-deja-en-incognita-pepe\/2017\/02","title":{"rendered":"Zidane deja en inc\u00f3gnita el futuro de Pepe"},"content":{"rendered":"<p>La ausencia de <strong>Pepe<\/strong> en la lista de convocados del <strong>Real Madrid<\/strong> para medirse ma\u00f1ana al Valencia en Mestalla, en uno de los dos partidos de Liga que tiene aplazados el equipo blanco, es la sorpresa de <strong>Zinedine Zidane<\/strong>, que horas antes se desmarc\u00f3 del futuro del central portugu\u00e9s.<\/p>\n<p><strong>Pepe<\/strong> cubri\u00f3 a buen nivel la baja de Sergio Ramos ante el Espanyol y los minutos que el capit\u00e1n no pudo completar ante el N\u00e1poles en la Liga de Campeones por el fuerte golpe que sufri\u00f3 en la cadera derecha. Regresaba de una lesi\u00f3n muscular y en su rendimiento no se not\u00f3, pero es un factor que seguro ha valorado Zidane para darle descanso ante el Valencia.<\/p>\n<p style=\"text-align: center;\"><span style=\"color: #3366ff;\">LEER M\u00c1S: Todas las noticias de futbol internacional<\/span><\/p>\n<p>No lo desvel\u00f3 en la rueda de prensa cuando fue preguntado por Pepe y su situaci\u00f3n. El portugu\u00e9s tiene una millonaria oferta de China y la que le present\u00f3 el Real Madrid la descart\u00f3 porque no cubr\u00eda sus expectativas:<\/p>\n<blockquote><p>&#8220;Pepe es un jugador importante y cuando juega cumple, eso a mi es lo que m\u00e1s me interesa ahora&#8221;, dijo Zidane. &#8220;Del contrato no puedo decir nada porque no es mi asunto. Lo que me importa es que es un jugador importante de la plantilla y voy a contar con \u00e9l hasta el final. Habr\u00e1 partidos que juegue y otros que no. Eso no va a cambiar. Tenemos ocho defensas muy buenos&#8221;, a\u00f1adi\u00f3.<\/p><\/blockquote>\n","protected":false},"excerpt":{"rendered":"<p>El DT del Real Madrid habl\u00f3 sobre la continuidad del defensa central portugu\u00e9s, que tiene una oferta para ir a China.<\/p>\n","protected":false},"author":20,"featured_media":462857,"comment_status":"closed","ping_status":"closed","sticky":false,"template":"","format":"standard","meta":[],"categories":[3839,3844,5951],"tags":[176,5988,2215],"_links":{"self":[{"href":"http:\/\/desarrollo.grupomedios.com\/futbol\/wp-json\/wp\/v2\/posts\/462854"}],"collection":[{"href":"http:\/\/desarrollo.grupomedios.com\/futbol\/wp-json\/wp\/v2\/posts"}],"about":[{"href":"http:\/\/desarrollo.grupomedios.com\/futbol\/wp-json\/wp\/v2\/types\/post"}],"author":[{"embeddable":true,"href":"http:\/\/desarrollo.grupomedios.com\/futbol\/wp-json\/wp\/v2\/users\/20"}],"replies":[{"embeddable":true,"href":"http:\/\/desarrollo.grupomedios.com\/futbol\/wp-json\/wp\/v2\/comments?post=462854"}],"version-history":[{"count":0,"href":"http:\/\/desarrollo.grupomedios.com\/futbol\/wp-json\/wp\/v2\/posts\/462854\/revisions"}],"wp:featuredmedia":[{"embeddable":true,"href":"http:\/\/desarrollo.grupomedios.com\/futbol\/wp-json\/wp\/v2\/media\/462857"}],"wp:attachment":[{"href":"http:\/\/desarrollo.grupomedios.com\/futbol\/wp-json\/wp\/v2\/media?parent=462854"}],"wp:term":[{"taxonomy":"category","embeddable":true,"href":"http:\/\/desarrollo.grupomedios.com\/futbol\/wp-json\/wp\/v2\/categories?post=462854"},{"taxonomy":"post_tag","embeddable":true,"href":"http:\/\/desarrollo.grupomedios.com\/futbol\/wp-json\/wp\/v2\/tags?post=462854"}],"curies":[{"name":"wp","href":"https:\/\/api.w.org\/{rel}","templated":true}]}}