{"id":462858,"date":"2017-02-21T16:31:21","date_gmt":"2017-02-21T22:31:21","guid":{"rendered":"https:\/\/www.futboltotal.com.mx\/?p=462858"},"modified":"2017-02-21T16:31:21","modified_gmt":"2017-02-21T22:31:21","slug":"promesa-del-deporte-se-habria-retirado-tras-sufrir-abuso-sexual","status":"publish","type":"post","link":"http:\/\/desarrollo.grupomedios.com\/futbol\/no-todo-es-futbol\/promesa-del-deporte-se-habria-retirado-tras-sufrir-abuso-sexual\/2017\/02","title":{"rendered":"Promesa del deporte se habr\u00eda retirado por sufrir abuso sexual"},"content":{"rendered":"<p>La joven promesa del motociclismo estadounidense <strong>Elena Myers<\/strong> ha denunciado al <em>Loews Philadelphia Hotel<\/em> por un caso de abusos sexuales ocurrido un d\u00eda despu\u00e9s de la \u00faltima carrera de la temporada 2014.<\/p>\n<p>Seg\u00fan relata la deportista en su perfil de Facebook, un masajista del spa del hotel, al que tambi\u00e9n denunci\u00f3, habr\u00eda abusado sexualmente de ella. <strong>Elena Myers<\/strong> asegur\u00f3 que en su momento habl\u00f3 con &#8220;numerosos&#8221; empleados del spa y del hotel pero &#8220;nadie&#8221; le ayud\u00f3. Ahora ha decidido &#8220;compartir esta dolorosa verdad&#8221; para ayudar a otros hombres y mujeres en circunstancias similares.<\/p>\n<p style=\"text-align: center;\"><span style=\"color: #3366ff;\"><a style=\"color: #3366ff;\" href=\"https:\/\/www.futboltotal.com.mx\/2017\/02\/castigan-a-equipo-llorar-a-futbolista-brasileno\/\" target=\"_blank\"><strong>LEER M\u00c1S: Castigan a equipo que hizo llorar a futbolista brasile\u00f1o<\/strong><\/a><\/span><\/p>\n<p><iframe loading=\"lazy\" style=\"border: none; overflow: hidden;\" src=\"https:\/\/www.facebook.com\/plugins\/post.php?href=https%3A%2F%2Fwww.facebook.com%2Felenamyers21%2Fposts%2F1668032053211445&amp;width=500\" frameborder=\"0\" scrolling=\"no\"><\/iframe><\/p>\n<p>Tras varios a\u00f1os de silencio, en los que igualmente se alej\u00f3 de la competici\u00f3n, la joven piloto californiana, de 23 a\u00f1os, anunci\u00f3 en una entrevista a <em>Philadelphia Magazine<\/em> que ha tomado la decisi\u00f3n de denunciar al hotel y al presunto agresor.<\/p>\n<p><strong>S\u00edguenos en Twitter:<\/strong> <a href=\"https:\/\/twitter.com\/MXFutbolTotal\" target=\"_blank\">@MXFutbolTotal<\/a><\/p>\n","protected":false},"excerpt":{"rendered":"<p>Elena Myers denuncia evento traum\u00e1tico, el d\u00eda posterior a su \u00faltima carrera.<\/p>\n","protected":false},"author":144,"featured_media":462860,"comment_status":"closed","ping_status":"closed","sticky":false,"template":"","format":"standard","meta":[],"categories":[5810,5418,6411],"tags":[5461],"_links":{"self":[{"href":"http:\/\/desarrollo.grupomedios.com\/futbol\/wp-json\/wp\/v2\/posts\/462858"}],"collection":[{"href":"http:\/\/desarrollo.grupomedios.com\/futbol\/wp-json\/wp\/v2\/posts"}],"about":[{"href":"http:\/\/desarrollo.grupomedios.com\/futbol\/wp-json\/wp\/v2\/types\/post"}],"author":[{"embeddable":true,"href":"http:\/\/desarrollo.grupomedios.com\/futbol\/wp-json\/wp\/v2\/users\/144"}],"replies":[{"embeddable":true,"href":"http:\/\/desarrollo.grupomedios.com\/futbol\/wp-json\/wp\/v2\/comments?post=462858"}],"version-history":[{"count":0,"href":"http:\/\/desarrollo.grupomedios.com\/futbol\/wp-json\/wp\/v2\/posts\/462858\/revisions"}],"wp:featuredmedia":[{"embeddable":true,"href":"http:\/\/desarrollo.grupomedios.com\/futbol\/wp-json\/wp\/v2\/media\/462860"}],"wp:attachment":[{"href":"http:\/\/desarrollo.grupomedios.com\/futbol\/wp-json\/wp\/v2\/media?parent=462858"}],"wp:term":[{"taxonomy":"category","embeddable":true,"href":"http:\/\/desarrollo.grupomedios.com\/futbol\/wp-json\/wp\/v2\/categories?post=462858"},{"taxonomy":"post_tag","embeddable":true,"href":"http:\/\/desarrollo.grupomedios.com\/futbol\/wp-json\/wp\/v2\/tags?post=462858"}],"curies":[{"name":"wp","href":"https:\/\/api.w.org\/{rel}","templated":true}]}}