{"id":463003,"date":"2017-02-22T09:12:27","date_gmt":"2017-02-22T15:12:27","guid":{"rendered":"https:\/\/www.futboltotal.com.mx\/?p=463003"},"modified":"2017-02-22T09:25:22","modified_gmt":"2017-02-22T15:25:22","slug":"antoine-griezmann-nuevo-goleador-historico-del-atleti-en-la-champions","status":"publish","type":"post","link":"http:\/\/desarrollo.grupomedios.com\/futbol\/futbol-internacional\/antoine-griezmann-nuevo-goleador-historico-del-atleti-en-la-champions\/2017\/02","title":{"rendered":"Griezmann, nuevo goleador hist\u00f3rico del Atleti en la Champions"},"content":{"rendered":"<p>El franc\u00e9s <strong>Antoine Griezmann<\/strong>, delantero del Atl\u00e9tico de Madrid, super\u00f3 este martes a Luis Aragon\u00e9s como el m\u00e1ximo goleador del conjunto rojiblanco en la Liga de Campeones, con trece tantos, al marcar una de las cuatro dianas de su equipo frente al Bayer Leverkusen en el duelo de ida de los octavos de final.<\/p>\n<blockquote class=\"twitter-tweet\" data-width=\"500\">\n<p lang=\"es\" dir=\"ltr\">Orgulloso de superar el record de goles en Europa del Se\u00f1or Luis Aragones <a href=\"https:\/\/t.co\/qSNdsvLt9n\">pic.twitter.com\/qSNdsvLt9n<\/a><\/p>\n<p>&mdash; Antoine Griezmann (@AntoGriezmann) <a href=\"https:\/\/twitter.com\/AntoGriezmann\/status\/834171727429120002\">February 21, 2017<\/a><\/p><\/blockquote>\n<p><script async src=\"\/\/platform.twitter.com\/widgets.js\" charset=\"utf-8\"><\/script><\/p>\n<p style=\"text-align: center;\"><a href=\"https:\/\/www.futboltotal.com.mx\/2017\/02\/atletico-frena-a-chicharito-sentencia-al-leverkusen\/\"><span style=\"color: #3366ff;\">LEER M\u00c1S:\u00a0Atl\u00e9tico frena a Chicharito y sentencia al Leverkusen<\/span><\/a><\/p>\n<p>&#8220;Es un orgullo para m\u00ed entrar en la historia del <em>Atleti<\/em> y ojal\u00e1 que pueda seguir metiendo m\u00e1s goles. Intento ser feliz dentro del campo y as\u00ed hago mi mejor futbol&#8221;, valor\u00f3 el franc\u00e9s\u00a0en declaraciones a \u00a0<em>Atresmedia<\/em> sobre ese r\u00e9cord, igualado en la quinta jornada de la <em>Champions<\/em> ante el PSV Eindhoven y sobrepasado este martes en Alemania.<\/p>\n<p style=\"text-align: center;\"><a href=\"https:\/\/www.futboltotal.com.mx\/2017\/02\/zidane-deja-en-incognita-pepe\/\"><span style=\"color: #3366ff;\">LEER M\u00c1S:\u00a0Zidane deja en inc\u00f3gnita el futuro de Pepe<\/span><\/a><\/p>\n<p><b>S\u00edguenos en <span id=\"m_7102405636726036050goog_2054972132\"><\/span>Twitter <a href=\"https:\/\/twitter.com\/MXFutbolTotal\" target=\"_blank\" data-saferedirecturl=\"https:\/\/www.google.com\/url?hl=es&amp;q=https:\/\/twitter.com\/MXFutbolTotal&amp;source=gmail&amp;ust=1487862097258000&amp;usg=AFQjCNHMxbmCsqx5_cSqgwxM-aDQB-TDOw\">@MXFutbolTotal<\/a><\/b><\/p>\n","protected":false},"excerpt":{"rendered":"<p>El franc\u00e9s super\u00f3 a un mito espa\u00f1ol.<\/p>\n","protected":false},"author":144,"featured_media":463005,"comment_status":"closed","ping_status":"closed","sticky":false,"template":"","format":"standard","meta":[],"categories":[3841,3839,5951],"tags":[5191,6007,4335,36],"_links":{"self":[{"href":"http:\/\/desarrollo.grupomedios.com\/futbol\/wp-json\/wp\/v2\/posts\/463003"}],"collection":[{"href":"http:\/\/desarrollo.grupomedios.com\/futbol\/wp-json\/wp\/v2\/posts"}],"about":[{"href":"http:\/\/desarrollo.grupomedios.com\/futbol\/wp-json\/wp\/v2\/types\/post"}],"author":[{"embeddable":true,"href":"http:\/\/desarrollo.grupomedios.com\/futbol\/wp-json\/wp\/v2\/users\/144"}],"replies":[{"embeddable":true,"href":"http:\/\/desarrollo.grupomedios.com\/futbol\/wp-json\/wp\/v2\/comments?post=463003"}],"version-history":[{"count":0,"href":"http:\/\/desarrollo.grupomedios.com\/futbol\/wp-json\/wp\/v2\/posts\/463003\/revisions"}],"wp:featuredmedia":[{"embeddable":true,"href":"http:\/\/desarrollo.grupomedios.com\/futbol\/wp-json\/wp\/v2\/media\/463005"}],"wp:attachment":[{"href":"http:\/\/desarrollo.grupomedios.com\/futbol\/wp-json\/wp\/v2\/media?parent=463003"}],"wp:term":[{"taxonomy":"category","embeddable":true,"href":"http:\/\/desarrollo.grupomedios.com\/futbol\/wp-json\/wp\/v2\/categories?post=463003"},{"taxonomy":"post_tag","embeddable":true,"href":"http:\/\/desarrollo.grupomedios.com\/futbol\/wp-json\/wp\/v2\/tags?post=463003"}],"curies":[{"name":"wp","href":"https:\/\/api.w.org\/{rel}","templated":true}]}}