{"id":463009,"date":"2017-02-22T10:05:59","date_gmt":"2017-02-22T16:05:59","guid":{"rendered":"https:\/\/www.futboltotal.com.mx\/?p=463009"},"modified":"2017-02-22T13:13:26","modified_gmt":"2017-02-22T19:13:26","slug":"carlos-vela-espera-dar-mas-si-la-rodilla-se-lo-permite","status":"publish","type":"post","link":"http:\/\/desarrollo.grupomedios.com\/futbol\/futbol-internacional\/carlos-vela-espera-dar-mas-si-la-rodilla-se-lo-permite\/2017\/02","title":{"rendered":"Carlos Vela espera dar m\u00e1s&#8230; si la rodilla se lo permite"},"content":{"rendered":"<p>El delantero <strong>Carlos Vela<\/strong> de la Real Sociedad considera que est\u00e1 en un buen momento \u2013tras haber superado los problemas en su rodilla izquierda que lo hab\u00eda aquejado\u2013, aunque asegura que puede dar m\u00e1s en lo que resta de la temporada espa\u00f1ola y ayudar a su equipo a meterse a un torneo europeo.<\/p>\n<p>&#8220;Deseo mantener esta linea e incluso mejorarla, para seguir ayudando a mis compa\u00f1eros y terminar la temporada de buena manera. Si la rodilla lo permite, se va a ver un buen <strong>Vela<\/strong>. Se va a ver un buen nivel m\u00edo, pero hasta el final de la temporada. Estoy bien, pero s\u00e9 que puedo dar m\u00e1s. Por ganas, actitud y trabajo s\u00ed va a ser. Lo que no puedo controlar es que no me vaya a volver a doler hasta tal d\u00eda, no tengo ese poder todav\u00eda&#8221;, asegur\u00f3.<\/p>\n<blockquote class=\"twitter-tweet\" data-width=\"500\">\n<p lang=\"es\" dir=\"ltr\">.<a href=\"https:\/\/twitter.com\/11carlosV\">@11carlosV<\/a>: &quot;Cuando estoy bien o mal la culpa es m\u00eda. Es parte de mi trabajo&quot; <a href=\"https:\/\/twitter.com\/hashtag\/RealSociedad?src=hash\">#RealSociedad<\/a> <a href=\"https:\/\/t.co\/V5molGN72K\">https:\/\/t.co\/V5molGN72K<\/a><\/p>\n<p>&mdash; Real Sociedad F\u00fatbol (@RealSociedad) <a href=\"https:\/\/twitter.com\/RealSociedad\/status\/834386480139214848\">February 22, 2017<\/a><\/p><\/blockquote>\n<p><script async src=\"\/\/platform.twitter.com\/widgets.js\" charset=\"utf-8\"><\/script><\/p>\n<p style=\"text-align: center;\"><a href=\"https:\/\/www.futboltotal.com.mx\/2017\/02\/antoine-griezmann-nuevo-goleador-historico-del-atleti-en-la-champions\/\"><span style=\"color: #3366ff;\">LEER M\u00c1S:\u00a0Griezmann, nuevo goleador hist\u00f3rico del Atleti en la Champions<\/span><\/a><\/p>\n<p>El extremo derecho mexicano record\u00f3 los malos momentos que pas\u00f3 por la\u00a0lesi\u00f3n reci\u00e9n superada y recalc\u00f3 que ha retomado sus funciones en la cancha: &#8220;Me dol\u00eda y no pod\u00eda disfrutar del futbol, pero llevo tres o cuatro partidos mejor y creo que se nota. Estoy encarando y buscando yo las soluciones, y no d\u00e1ndole el bal\u00f3n al de al lado&#8221;. Aunque advirti\u00f3: &#8220;Estamos trabajando para no tener que pasar por el quir\u00f3fano y olvidar el problema&#8221;.<\/p>\n<p>El futbolista formado en la cantera\u00a0del Guadalajara mexicano tambi\u00e9n habl\u00f3 sobre el paso de la Real Sociedad, club que se ubica en la quinta posici\u00f3n de la tabla general: &#8220;Estamos todos en una din\u00e1mica positiva, haciendo un buen futbol y sacando los partidos adelante&#8221;. Y le dio cierto cr\u00e9dito a Eusebio, su t\u00e9cnico: &#8220;Ha aportado su estilo de juego, su filosof\u00eda, pero el futbol es un juego de equipo en el que los que hacemos y deshacemos somos los jugadores, que somos los que metemos goles. Ya puede ser lo bueno que sea Eusebio que, si nosotros no metemos los goles, no sirve de nada&#8221;.<\/p>\n<p>En cuanto a los objetivos que se plantea el plantel, <strong>Carlos Vela<\/strong> dijo: &#8220;Ponerse metas s\u00f3lo lo hacen los equipos que tienen muy marcado lo que tienen que conseguir lo primero. Nosotros, si mantenemos el nivel, podremos pelear por Europa&#8221;.<\/p>\n<blockquote class=\"twitter-tweet\" data-width=\"500\">\n<p lang=\"es\" dir=\"ltr\">.<a href=\"https:\/\/twitter.com\/11carlosV\">@11carlosV<\/a>: &quot;Comenc\u00e9 a sentir en la rodilla lo mismo que en verano, pero lo hemos superado&quot; <a href=\"https:\/\/twitter.com\/hashtag\/RealSociedad?src=hash\">#RealSociedad<\/a><\/p>\n<p>&mdash; Real Sociedad F\u00fatbol (@RealSociedad) <a href=\"https:\/\/twitter.com\/RealSociedad\/status\/834385124724764673\">February 22, 2017<\/a><\/p><\/blockquote>\n<p><script async src=\"\/\/platform.twitter.com\/widgets.js\" charset=\"utf-8\"><\/script><\/p>\n<p style=\"text-align: center;\"><a href=\"https:\/\/www.futboltotal.com.mx\/2017\/02\/marco-fabian-esta-cerca-volver-lesion\/\"><span style=\"color: #3366ff;\">LEER M\u00c1S:\u00a0Marco Fabi\u00e1n est\u00e1 cerca de volver de su lesi\u00f3n<\/span><\/a><\/p>\n<p>La Real Sociedad est\u00e1 en posici\u00f3n de ganarse un lugar en la <em>Europa League<\/em>, con cuatro puntos menos que el Atl\u00e9tico de Madrid, que en la cuarta posici\u00f3n tiene\u00a0un lugar a la fase previa de la <em>Champions League.<\/em>\u00a0Sobre las posibilidades del Txuri-urdin de meterse a la m\u00e1xima competici\u00f3n europea a nivel de clubes, <strong>Carlos Vela<\/strong> extern\u00f3: &#8220;Es muy dif\u00edcil, porque hay equipos muy buenos, que tienen casi la obligaci\u00f3n de acabar ah\u00ed. Jugar en Europa ser\u00eda muy bonito con este grupo tan bueno de compa\u00f1eros, que se lo merecen&#8221;.<\/p>\n<p><b>S\u00edguenos en <span id=\"m_7102405636726036050goog_2054972132\"><\/span>Twitter <a href=\"https:\/\/twitter.com\/MXFutbolTotal\" target=\"_blank\" data-saferedirecturl=\"https:\/\/www.google.com\/url?hl=es&amp;q=https:\/\/twitter.com\/MXFutbolTotal&amp;source=gmail&amp;ust=1487862097258000&amp;usg=AFQjCNHMxbmCsqx5_cSqgwxM-aDQB-TDOw\">@MXFutbolTotal<\/a><\/b><\/p>\n","protected":false},"excerpt":{"rendered":"<p>El mexicano acumula siete goles y cinco asistencias en lo que va de la temporada.<\/p>\n","protected":false},"author":20,"featured_media":463026,"comment_status":"closed","ping_status":"closed","sticky":false,"template":"","format":"standard","meta":[],"categories":[3839,3844],"tags":[6048,102],"_links":{"self":[{"href":"http:\/\/desarrollo.grupomedios.com\/futbol\/wp-json\/wp\/v2\/posts\/463009"}],"collection":[{"href":"http:\/\/desarrollo.grupomedios.com\/futbol\/wp-json\/wp\/v2\/posts"}],"about":[{"href":"http:\/\/desarrollo.grupomedios.com\/futbol\/wp-json\/wp\/v2\/types\/post"}],"author":[{"embeddable":true,"href":"http:\/\/desarrollo.grupomedios.com\/futbol\/wp-json\/wp\/v2\/users\/20"}],"replies":[{"embeddable":true,"href":"http:\/\/desarrollo.grupomedios.com\/futbol\/wp-json\/wp\/v2\/comments?post=463009"}],"version-history":[{"count":0,"href":"http:\/\/desarrollo.grupomedios.com\/futbol\/wp-json\/wp\/v2\/posts\/463009\/revisions"}],"wp:featuredmedia":[{"embeddable":true,"href":"http:\/\/desarrollo.grupomedios.com\/futbol\/wp-json\/wp\/v2\/media\/463026"}],"wp:attachment":[{"href":"http:\/\/desarrollo.grupomedios.com\/futbol\/wp-json\/wp\/v2\/media?parent=463009"}],"wp:term":[{"taxonomy":"category","embeddable":true,"href":"http:\/\/desarrollo.grupomedios.com\/futbol\/wp-json\/wp\/v2\/categories?post=463009"},{"taxonomy":"post_tag","embeddable":true,"href":"http:\/\/desarrollo.grupomedios.com\/futbol\/wp-json\/wp\/v2\/tags?post=463009"}],"curies":[{"name":"wp","href":"https:\/\/api.w.org\/{rel}","templated":true}]}}