{"id":463022,"date":"2017-02-22T11:23:09","date_gmt":"2017-02-22T17:23:09","guid":{"rendered":"https:\/\/www.futboltotal.com.mx\/?p=463022"},"modified":"2017-02-22T11:23:09","modified_gmt":"2017-02-22T17:23:09","slug":"chepo-la-torre-defiende-a-chicharito","status":"publish","type":"post","link":"http:\/\/desarrollo.grupomedios.com\/futbol\/futbol-internacional\/chepo-la-torre-defiende-a-chicharito\/2017\/02","title":{"rendered":"Chepo de la Torre defiende a Chicharito"},"content":{"rendered":"<p>La noche de este martes fue cielo e infierno para Javier <em><strong>Chicharito<\/strong> <\/em>Hern\u00e1ndez. Tuvo dos oportunidades de gol ante el Atl\u00e9tico y le negaron el grito y al final el Bayer Leverkusen acab\u00f3 sentenciado 2-4 en los Octavos de Final de Liga de Campeones. Pero por otro lado hizo historia, superando a Rafael M\u00e1rquez y convirti\u00e9ndose en el mexicano con m\u00e1s partidos jugados(47) desde que se disputa la competici\u00f3n (1955-56).<\/p>\n<p>El entrenador Jos\u00e9 Manuel <em>Chepo<\/em> de la Torre opin\u00f3 sobre la trayectoria del mexicano, al que debut\u00f3 en Chivas en 2006 ante Necaxa y vio marcar su primer gol el 9 de septiembre de aquel a\u00f1o, y asegur\u00f3 que las cr\u00edticas que <em>CH7<\/em> ha recibido durante su trayectoria no son justas.<\/p>\n<p style=\"text-align: center;\"><a href=\"https:\/\/www.futboltotal.com.mx\/futbol-internacional\/\"><span style=\"color: #3366ff;\">LEER M\u00c1S: Todas las noticias de futbol internacional\u00a0<\/span><\/a><\/p>\n<p>&#8220;Me dan risa las cr\u00edticas porque todo lo que ha logrado se dice muy f\u00e1cil, pero no cualquiera lo hace&#8221;, declar\u00f3 el t\u00e9cnico. &#8220;Me da mucho gusto lo que logra, porque que hayas cooperado en su carrera para que est\u00e9 donde est\u00e9 es bueno, la gente va a hablar y es lo que menos nos preocupa&#8221;, agreg\u00f3 en una entrevista para <em>ESPN.<\/em><\/p>\n<p>&#8220;Chicharo ha sido de lo mejor que hemos tenido en nuestro futbol, sino que es el mejor en todos los \u00e1mbitos&#8221;, consider\u00f3 De la Torres, quien confes\u00f3 admirar al delantero, cuya virtud m\u00e1s grande es la perseverancia.<\/p>\n<p><b>S\u00edguenos en <span id=\"m_7102405636726036050goog_2054972132\"><\/span>Twitter <a href=\"https:\/\/twitter.com\/MXFutbolTotal\" target=\"_blank\" data-saferedirecturl=\"https:\/\/www.google.com\/url?hl=es&amp;q=https:\/\/twitter.com\/MXFutbolTotal&amp;source=gmail&amp;ust=1487862097258000&amp;usg=AFQjCNHMxbmCsqx5_cSqgwxM-aDQB-TDOw\">@MXFutbolTotal<\/a><\/b><\/p>\n","protected":false},"excerpt":{"rendered":"<p>El DT consider\u00f3 que el mexicano es de los mejores jugadores que ha tenido M\u00e9xico. <\/p>\n","protected":false},"author":20,"featured_media":463042,"comment_status":"closed","ping_status":"closed","sticky":false,"template":"","format":"standard","meta":[],"categories":[3839,6718,5951],"tags":[795,120],"_links":{"self":[{"href":"http:\/\/desarrollo.grupomedios.com\/futbol\/wp-json\/wp\/v2\/posts\/463022"}],"collection":[{"href":"http:\/\/desarrollo.grupomedios.com\/futbol\/wp-json\/wp\/v2\/posts"}],"about":[{"href":"http:\/\/desarrollo.grupomedios.com\/futbol\/wp-json\/wp\/v2\/types\/post"}],"author":[{"embeddable":true,"href":"http:\/\/desarrollo.grupomedios.com\/futbol\/wp-json\/wp\/v2\/users\/20"}],"replies":[{"embeddable":true,"href":"http:\/\/desarrollo.grupomedios.com\/futbol\/wp-json\/wp\/v2\/comments?post=463022"}],"version-history":[{"count":0,"href":"http:\/\/desarrollo.grupomedios.com\/futbol\/wp-json\/wp\/v2\/posts\/463022\/revisions"}],"wp:featuredmedia":[{"embeddable":true,"href":"http:\/\/desarrollo.grupomedios.com\/futbol\/wp-json\/wp\/v2\/media\/463042"}],"wp:attachment":[{"href":"http:\/\/desarrollo.grupomedios.com\/futbol\/wp-json\/wp\/v2\/media?parent=463022"}],"wp:term":[{"taxonomy":"category","embeddable":true,"href":"http:\/\/desarrollo.grupomedios.com\/futbol\/wp-json\/wp\/v2\/categories?post=463022"},{"taxonomy":"post_tag","embeddable":true,"href":"http:\/\/desarrollo.grupomedios.com\/futbol\/wp-json\/wp\/v2\/tags?post=463022"}],"curies":[{"name":"wp","href":"https:\/\/api.w.org\/{rel}","templated":true}]}}