{"id":463037,"date":"2017-02-22T13:30:50","date_gmt":"2017-02-22T19:30:50","guid":{"rendered":"https:\/\/www.futboltotal.com.mx\/?p=463037"},"modified":"2017-02-22T13:40:04","modified_gmt":"2017-02-22T19:40:04","slug":"en-vivo-valencia-vs-real-madrid-la-liga-espana","status":"publish","type":"post","link":"http:\/\/desarrollo.grupomedios.com\/futbol\/futbol-internacional\/en-vivo-valencia-vs-real-madrid-la-liga-espana\/2017\/02","title":{"rendered":"AS\u00cd SE VIVI\u00d3 | Valencia 2-1 Real Madrid | La Liga"},"content":{"rendered":"<p><span style=\"color: #ff0000;\">90:00\u00a0(+4)\u00a0<\/span>| \u00a1Se acab\u00f3 el partido! El Valencia se impone en Mestalla y vence 2-1 al Real Madrid con un par de goles de Zaza y Orellana. Cristiano descont\u00f3 pero no alcanz\u00f3.<\/p>\n<p><span style=\"color: #ff0000;\">90:00\u00a0(+4)\u00a0<\/span>| \u00a1Cristiano remata fuera! Era la \u00faltima de gol del Real Madrid y el luso la echa por un costado.<\/p>\n<p><span style=\"color: #ff0000;\">90:00<\/span>\u00a0| \u00a1Cerca Gareth Bale del empate! Frentazo del gal\u00e9s que acaba reventado por la pierna de Enzo P\u00e9rez.<\/p>\n<p><span style=\"color: #ff0000;\">85:00<\/span>\u00a0| El Madrid sufre y busca con todo el empate; Valencia defiende con los once hombres.<\/p>\n<p><span style=\"color: #ff0000;\">84:00<\/span>\u00a0| Servicio con mucha intenci\u00f3n de CR7 por la banda derecha que no consigue remate Benzema ante la buena marca de Mangala.<\/p>\n<p><span style=\"color: #ff0000;\">79:00<\/span>\u00a0| Cristiano cae y hay tiro libre para el Real Madrid: CR7 desperdicia la oportunidad con un tiro a la barrera.<\/p>\n<p><span style=\"color: #ff0000;\">77:00<\/span>\u00a0| CAMBIO del Real Madrid: Se va \u00a0Luka Modric y entra Lucas V\u00e1zquez.<\/p>\n<p><span style=\"color: #ff0000;\">72:00<\/span>\u00a0| CAMBIO del Valencia: sale Zaza e ingresa Mario Su\u00e1rez.<\/p>\n<p><span style=\"color: #ff0000;\">70:00<\/span>\u00a0| CAMBIO del Real Madrid: se va Varane y entra Nacho.<\/p>\n<p><span style=\"color: #ff0000;\">68:00<\/span>\u00a0| \u00a1Zaza reclama penalti! Terrible error defensivo de Varane y tiene que llegar Carvajal para cargar por el costado al italiano, que intenta enga\u00f1ar al \u00e1rbitro.<\/p>\n<p><span style=\"color: #ff0000;\">65:00<\/span>\u00a0| C\u00f3mo defiende el Valencia. Cierra muy bien los espacios y no permite al Madrid meter pases entre lineas; los blancos insisten por la banda izquierda con Marcelo y Benzema.<\/p>\n<p><span style=\"color: #ff0000;\">62:00<\/span>\u00a0| CAMBIO del Real Madrid: se va James e ingresa Bale.<\/p>\n<p><span style=\"color: #ff0000;\">58:00<\/span>\u00a0| \u00a1Tapada de Keylor! Gran conducci\u00f3n sobre la linea de fondo de Parejo y saca un tiro que tapa el tico.<\/p>\n<p><span style=\"color: #ff0000;\">56:00<\/span>\u00a0| \u00a1Bale ya calienta! No tarda en entrar a la cancha.<\/p>\n<p><span style=\"color: #ff0000;\">54:00<\/span>\u00a0| \u00a1Amarilla para Enzo P\u00e9rez! El capit\u00e1n derrib\u00f3 a Marcelo fuera del \u00e1rea con una dura entrada. Hay tiro libre. Cristiano estrella el tiro en la barrera.<\/p>\n<p><span style=\"color: #ff0000;\">52:00<\/span>\u00a0| \u00a1El \u00e1rbitro se come un penalti! Mangala tumb\u00f3 a Cristiano y no hubo sanci\u00f3n. Fue falta clara.<\/p>\n<p><span style=\"color: #ff0000;\">51:00<\/span>\u00a0| Zapatazo de Marcelo por la banda izquierda que termina atajando Diego Alves.<\/p>\n<p><span style=\"color: #ff0000;\">48:00<\/span>\u00a0| \u00a1Tiro de esquina para el Real Madrid! Cobra Toni Kroos, remata Cristiano y Mangala bloquea el esf\u00e9rico.<\/p>\n<p><span style=\"color: #ff0000;\">46:00<\/span>\u00a0| \u00a1Arranca la parte complementaria! Mueve el Valencia.<\/p>\n<p><span style=\"color: #ff0000;\">45:00<\/span> | Gran primera mitad en Mestalla. Valencia hizo un par de goles en solo ocho minutos, pero baj\u00f3 las revoluciones tras la lesi\u00f3n de Nani y Cristiano reactiv\u00f3 al Real Madrid con un frentazo implacable.<\/p>\n<p><span style=\"color: #ff0000;\">45:00<\/span>\u00a0| \u00a1Termina el primer tiempo!<\/p>\n<p><span style=\"color: #ff0000;\">44:45<\/span>\u00a0| \u00a1Otro zapatazo de Cristiano! Benzema le da el bal\u00f3n a CR7 fuera del \u00e1rea y el luso engancha al centro y dispara; Mangala desv\u00eda.<\/p>\n<p><span style=\"color: #ff0000;\">43:45<\/span>\u00a0| Marcelo meti\u00f3 un gran trazo por la banda izquierda y el crack luso pega un salto imponente y clava el bal\u00f3n lejos de la mano de \u00c1lves.<\/p>\n<blockquote class=\"twitter-video\" data-lang=\"es\">\n<p dir=\"ltr\" lang=\"es\">El salto de <a href=\"https:\/\/twitter.com\/Cristiano\">@Cristiano<\/a> &#8230;. &#x1f62e; <a href=\"https:\/\/twitter.com\/hashtag\/Valencia?src=hash\">#Valencia<\/a> vs <a href=\"https:\/\/twitter.com\/hashtag\/RealMadrid?src=hash\">#RealMadrid<\/a> <a href=\"https:\/\/t.co\/PRsQp40zJ1\">pic.twitter.com\/PRsQp40zJ1<\/a><\/p>\n<p>\u2014 Fernando (@ferrnando04) <a href=\"https:\/\/twitter.com\/ferrnando04\/status\/834472801738379269\">22 de febrero de 2017<\/a><\/p><\/blockquote>\n<p><script async src=\"\/\/platform.twitter.com\/widgets.js\" charset=\"utf-8\"><\/script><\/p>\n<p><span style=\"color: #ff0000;\">42:00<\/span>\u00a0| \u00a1Gooooooooooooooooooooooool del Real Madrid!<\/p>\n<blockquote class=\"twitter-tweet\" data-lang=\"es\">\n<p dir=\"ltr\" lang=\"en\">44&#8242; \u00a1GOOOOOOOOOOOOOOOOOOOOOOOOOOOOOOOOOL de <a href=\"https:\/\/twitter.com\/Cristiano\">@Cristiano<\/a>! <a href=\"https:\/\/twitter.com\/valenciacf\">@valenciacf<\/a> 2-1 <a href=\"https:\/\/twitter.com\/hashtag\/RealMadrid?src=hash\">#RealMadrid<\/a><a href=\"https:\/\/twitter.com\/hashtag\/RMLiga?src=hash\">#RMLiga<\/a> <a href=\"https:\/\/twitter.com\/hashtag\/HalaMadrid?src=hash\">#HalaMadrid<\/a> <a href=\"https:\/\/t.co\/H7rVlIXqMl\">pic.twitter.com\/H7rVlIXqMl<\/a><\/p>\n<p>\u2014 Real Madrid C. F. (@realmadrid) <a href=\"https:\/\/twitter.com\/realmadrid\/status\/834470439267233792\">22 de febrero de 2017<\/a><\/p><\/blockquote>\n<p><script async src=\"\/\/platform.twitter.com\/widgets.js\" charset=\"utf-8\"><\/script><\/p>\n<p><span style=\"color: #ff0000;\">42:00<\/span>\u00a0| \u00a1Amarilla para Munir! Tumba a Luka Modric que intentaba una contra desde el medio campo.<\/p>\n<p><span style=\"color: #ff0000;\">41:00<\/span>\u00a0| Otra vez dispara Cristiano, aunque sin la mira fina. Est\u00e1 molest\u00f3 el luso porque no ha hecho gol.<\/p>\n<p><span style=\"color: #ff0000;\">38:00<\/span>\u00a0| \u00a1Cerca Cristiano! El luso remata de taquito a primer poste tras una gran jugada de Carvajal; Alves se queda con el esf\u00e9rico.<\/p>\n<p><span style=\"color: #ff0000;\">38:00<\/span>\u00a0| Malas noticias para el Valencia. Nani se marcha lesionado. El Valencia tendr\u00e1 que hacer un cambio obligado.<\/p>\n<p><span style=\"color: #ff0000;\">35:00<\/span>\u00a0| \u00a1Zapatazo de Parejo! Nani lleg\u00f3 a linea de fondo por izquierda y el tiro del espa\u00f1ol pasa desviado del marco de Navas.<\/p>\n<p><span style=\"color: #ff0000;\">33:00<\/span>\u00a0| Garay evita el remate de Cristiano justo en el \u00e1rea chica. El Madrid arm\u00f3 una buena jugada con James, Modric y Kroos.<\/p>\n<p><span style=\"color: #ff0000;\">29:38<\/span>\u00a0| \u00a1Keylor evita el tercero! Parejo la manc\u00f3 al \u00e1ngulo y el arquero ahog\u00f3 el festejo en Mestalla.<\/p>\n<p><span style=\"color: #ff0000;\">27:00<\/span>\u00a0| \u00a1Amarilla para Carvajal1 Le meti\u00f3 los tachones a Zaza; el Valencia tiene tiro libre fuera del \u00e1rea.<\/p>\n<p><span style=\"color: #ff0000;\">27:00<\/span>\u00a0| Media hora de juego y el Real Madrid tiene el 69 por ciento de la posesi\u00f3n y 31 el Valencia.<\/p>\n<p><span style=\"color: #ff0000;\">22:00<\/span>\u00a0| \u00a1Atajad\u00f3n de Alves! El franc\u00e9s saca un zapatazo fuera del \u00e1rea y el arquero desv\u00eda a contramano.<\/p>\n<p><span style=\"color: #ff0000;\">20:00<\/span>\u00a0| El Madrid juega todo el tiempo en campo rival, pero el Valencia est\u00e1 bien plantado y repliega con dos lineas de cuatro. Muy pocos espacios para los Merengues.<\/p>\n<p><span style=\"color: #ff0000;\">17:00<\/span>\u00a0| Cristiano vuelve a jalar del gatillo, esta vez por derecha, y el \u00e1rbitro pita fuera de juego.<\/p>\n<p><span style=\"color: #ff0000;\">14:00<\/span>\u00a0| Cristiano hace una bicicleta y dispara casi sin \u00e1ngulo; el bal\u00f3n pasa muy cerca y no logra contrarrestar James en el segundo poste.<\/p>\n<p><span style=\"color: #ff0000;\">12:00<\/span>\u00a0| \u00a1Marcelo evita el tercero! \u00a0Munir remata un centro por izquierda y el lateral desv\u00eda muy a tiempo para mandar el bal\u00f3n por encima del larguero.<\/p>\n<p><span style=\"color: #ff0000;\">10:00<\/span>\u00a0| Varane perdi\u00f3 el bal\u00f3n en mediocampo y el Valencia arm\u00f3 un contragolpe fulminante en el que Nani pudo un pase al hueco y Orellana bati\u00f3 a Keylor.<\/p>\n<blockquote class=\"twitter-video\" data-lang=\"es\">\n<p dir=\"ltr\" lang=\"es\">ORELLANA!! Gran arranque del Valencia que, a los 10 minutos, gana 2 a 0 <a href=\"https:\/\/t.co\/UT5bnz6Jwa\">pic.twitter.com\/UT5bnz6Jwa<\/a><\/p>\n<p>\u2014 Central F\u00fatbol (@futboolcentral) <a href=\"https:\/\/twitter.com\/futboolcentral\/status\/834462087317508113\">22 de febrero de 2017<\/a><\/p><\/blockquote>\n<p><script async src=\"\/\/platform.twitter.com\/widgets.js\" charset=\"utf-8\"><\/script><\/p>\n<p><span style=\"color: #ff0000;\">08:00<\/span>\u00a0| \u00a0\u00a1Goooooooooooooooooooooool del Valencia!<\/p>\n<p><span style=\"color: #ff0000;\">06:00<\/span>\u00a0| \u00a0El Real Madrid hab\u00eda comenzado con ritmo y posesi\u00f3n, pero una recuperaci\u00f3n del Valencia acab\u00f3 con en gol.<\/p>\n<p><span style=\"color: #ff0000;\">04:00<\/span>\u00a0| Zaza marca un aut\u00e9ntico golazo tras recibir una pelota dentro del \u00e1rea de Munir; se dio una media vuelta con la marca encima de Varane y la puso en el \u00e1ngulo.<\/p>\n<blockquote class=\"twitter-video\" data-lang=\"es\">\n<p dir=\"ltr\" lang=\"es\">Canela en rama! ZAZA de mi vida!!! <a href=\"https:\/\/t.co\/rnnD6bSIwA\">pic.twitter.com\/rnnD6bSIwA<\/a><\/p>\n<p>\u2014 Sergi.&#x1f43a; (@sergioholgado85) <a href=\"https:\/\/twitter.com\/sergioholgado85\/status\/834463022429196299\">22 de febrero de 2017<\/a><\/p><\/blockquote>\n<p><script async src=\"\/\/platform.twitter.com\/widgets.js\" charset=\"utf-8\"><\/script><\/p>\n<p><span style=\"color: #ff0000;\">04:00<\/span>\u00a0| \u00a1Goooooooooooooooooooool del Valencia!<\/p>\n<p><span style=\"color: #ff0000;\">02:00<\/span>\u00a0| Marcelo cuelga el primer bal\u00f3n al \u00e1rea, Cristiano se queda corto en el remate y la defensa del Valencia despeja.<\/p>\n<p><span style=\"color: #ff0000;\">00:00<\/span> | \u00a1Arranca el duelo en Mestalla! Mueve el Real Madrid.<\/p>\n<p>* Ya se lleva a cabo la ceremonia protocolaria con los capitanes Sergio Ramos y Enzo P\u00e9rez.<\/p>\n<p>* Los equipos ya se han marchado al vestidor para la \u00faltima charla t\u00e9cnica. Est\u00e1n por saltar a la cancha de Mestalla.<\/p>\n<p>* Este es el once de Voro y el Valencia.<\/p>\n<blockquote class=\"twitter-tweet\" data-lang=\"es\">\n<p dir=\"ltr\" lang=\"es\">\u26bd\ufe0f\u00a1Con estos once jugadores elegidos por <a href=\"https:\/\/twitter.com\/hashtag\/Voro?src=hash\">#Voro<\/a> vamos en busca del triunfo en el <a href=\"https:\/\/twitter.com\/hashtag\/ValenciaRealMadrid?src=hash\">#ValenciaRealMadrid<\/a>! \u00a1<a href=\"https:\/\/twitter.com\/hashtag\/AmuntM%C3%A9sQueMai?src=hash\">#AmuntM\u00e9sQueMai<\/a> afici\u00f3! <a href=\"https:\/\/t.co\/YQQkk9QW2B\">pic.twitter.com\/YQQkk9QW2B<\/a><\/p>\n<p>\u2014 Valencia CF (@valenciacf) <a href=\"https:\/\/twitter.com\/valenciacf\/status\/834440533250568192\">22 de febrero de 2017<\/a><\/p><\/blockquote>\n<p><script async src=\"\/\/platform.twitter.com\/widgets.js\" charset=\"utf-8\"><\/script><\/p>\n<p>* El Real Madrid ya confirm\u00f3 las alineaciones y sorprende con James como titular; Bale aguardar\u00e1 en el banquillo.<\/p>\n<blockquote class=\"twitter-tweet\" data-lang=\"es\">\n<p dir=\"ltr\" lang=\"und\">\u2705<a href=\"https:\/\/twitter.com\/hashtag\/RealMadrid?src=hash\">#RealMadrid<\/a> 1\u20e31\u20e3 <a href=\"https:\/\/twitter.com\/valenciacf\">@valenciacf<\/a><a href=\"https:\/\/twitter.com\/hashtag\/RMMovistar?src=hash\">#RMMovistar<\/a> <a href=\"https:\/\/twitter.com\/hashtag\/HalaMadrid?src=hash\">#HalaMadrid<\/a> <a href=\"https:\/\/t.co\/IIPLi3CVCG\">pic.twitter.com\/IIPLi3CVCG<\/a><\/p>\n<p>\u2014 Real Madrid C.F. (@realmadriden) <a href=\"https:\/\/twitter.com\/realmadriden\/status\/834440418259513344\">22 de febrero de 2017<\/a><\/p><\/blockquote>\n<p><script async src=\"\/\/platform.twitter.com\/widgets.js\" charset=\"utf-8\"><\/script><\/p>\n<p>* \u00a1Buena tarde, amigos de Futbol Total! Les llevaremos todas las acciones del duelo entre Real Madrid y Valencia, que se juega en Mestalla.<\/p>\n<p>El <strong>Valencia<\/strong> recibe en su mejor momento de la temporada al <strong><span class=\"classCadenaBusqueda\">Real<\/span> <span class=\"classCadenaBusqueda\">Madrid<\/span><\/strong>, en el partido aplazado correspondiente a la decimosexta jornada de LaLiga, en una oportunidad para confirmar las buenas sensaciones de sus dos \u00faltimos partidos ante un l\u00edder que tiene la oportunidad de ampliar ventaja.<\/p>\n<p>Sigue las acciones entre <em>Naranjeros<\/em> y <em>Merengues<\/em> en este minuto a minuto de <strong>Futbol Total<\/strong> en punto de las 11:45 hrs. para averiguar si los madridistas dar\u00e1n un golpe de autoridad en busca de acercarse m\u00e1s al t\u00edtulo de Liga.<\/p>\n<p>Mientras el Valencia busca con un triunfo alejarse en diez puntos del descenso, el <span class=\"classCadenaBusqueda\">Real<\/span> <span class=\"classCadenaBusqueda\">Madrid<\/span>, si gana, aventajar\u00e1 al Barcelona en cuatro con un partido pendiente, el que debe jugar en Vigo ante el Celta.<\/p>\n<p><a href=\"https:\/\/www.futboltotal.com.mx\/2017\/02\/la-volpe-jemez-dejara-primero-puesto\/\">VER M\u00c1S: LA VOLPE O J\u00c9MEZ, \u00bfQUI\u00c9N DEJAR\u00c1 PRIMERO SU PUESTO?<\/a><\/p>\n<p>Con la duda de Gay\u00e1 en el lateral izquierdo, para el encuentro ante el <span class=\"classCadenaBusqueda\">Real<\/span> <span class=\"classCadenaBusqueda\">Madrid<\/span>, el t\u00e9cnico valenciano seguir\u00e1 sin poder contar con los lesionados Rodrigo Moreno y Santi Mina. A pesar de lo inhabitual del horario y de tratarse de un d\u00eda entre semana, el club valenciano ha colgado el cartel de no hay entradas, por lo que se espera un Mestalla a rebosar para apoyar a su equipo.<\/p>\n<p>Para el <span class=\"classCadenaBusqueda\">Real<\/span> <span class=\"classCadenaBusqueda\">Madrid<\/span> la visita a Valencia es una de las dos &#8216;bolas extras&#8217; que tiene respecto a sus rivales por el t\u00edtulo, para asestar un buen golpe, que podr\u00eda ser definitivo, a la Liga. El de Mestalla y Bala\u00eddos, ante dos rivales de entidad, son oportunidades para los jugadores de Zinedine Zidane de acercarse a su gran objetivo de la temporada.<\/p>\n<p><a href=\"https:\/\/www.futboltotal.com.mx\/2017\/02\/america-vs-cruz-azul-clasico-joven-devaluado\/\">VER M\u00c1S: AM\u00c9RICA VS. CRUZ AZUL, CL\u00c1SICO JOVEN DEVALUADO<\/a><\/p>\n","protected":false},"excerpt":{"rendered":"<p>Lo Blancos terminan desquiciados y dejan escapar tres puntos en un partido pendiente. <\/p>\n","protected":false},"author":144,"featured_media":463087,"comment_status":"closed","ping_status":"closed","sticky":false,"template":"","format":"standard","meta":[],"categories":[3839,3844],"tags":[5988,87],"_links":{"self":[{"href":"http:\/\/desarrollo.grupomedios.com\/futbol\/wp-json\/wp\/v2\/posts\/463037"}],"collection":[{"href":"http:\/\/desarrollo.grupomedios.com\/futbol\/wp-json\/wp\/v2\/posts"}],"about":[{"href":"http:\/\/desarrollo.grupomedios.com\/futbol\/wp-json\/wp\/v2\/types\/post"}],"author":[{"embeddable":true,"href":"http:\/\/desarrollo.grupomedios.com\/futbol\/wp-json\/wp\/v2\/users\/144"}],"replies":[{"embeddable":true,"href":"http:\/\/desarrollo.grupomedios.com\/futbol\/wp-json\/wp\/v2\/comments?post=463037"}],"version-history":[{"count":0,"href":"http:\/\/desarrollo.grupomedios.com\/futbol\/wp-json\/wp\/v2\/posts\/463037\/revisions"}],"wp:featuredmedia":[{"embeddable":true,"href":"http:\/\/desarrollo.grupomedios.com\/futbol\/wp-json\/wp\/v2\/media\/463087"}],"wp:attachment":[{"href":"http:\/\/desarrollo.grupomedios.com\/futbol\/wp-json\/wp\/v2\/media?parent=463037"}],"wp:term":[{"taxonomy":"category","embeddable":true,"href":"http:\/\/desarrollo.grupomedios.com\/futbol\/wp-json\/wp\/v2\/categories?post=463037"},{"taxonomy":"post_tag","embeddable":true,"href":"http:\/\/desarrollo.grupomedios.com\/futbol\/wp-json\/wp\/v2\/tags?post=463037"}],"curies":[{"name":"wp","href":"https:\/\/api.w.org\/{rel}","templated":true}]}}