{"id":463038,"date":"2017-02-22T11:44:39","date_gmt":"2017-02-22T17:44:39","guid":{"rendered":"https:\/\/www.futboltotal.com.mx\/?p=463038"},"modified":"2017-02-22T11:44:39","modified_gmt":"2017-02-22T17:44:39","slug":"modelo-chilena-daniella-chavez-promete-show-candente-america-campeon","status":"publish","type":"post","link":"http:\/\/desarrollo.grupomedios.com\/futbol\/futbol-mexicano\/modelo-chilena-daniella-chavez-promete-show-candente-america-campeon\/2017\/02","title":{"rendered":"Modelo chilena promete &#8216;show candente&#8217; si Am\u00e9rica es Campe\u00f3n"},"content":{"rendered":"<p>La modelo chilena, Daniella Ch\u00e1vez, sigue encendiendo las redes sociales con sus publicaciones. Ahora la sensual modelo prometi\u00f3 un &#8220;show muy candente&#8221; si el Am\u00e9rica gana el campeonato de la Liga MX.<\/p>\n<p>En una publicaci\u00f3n en su cuenta de Instagram donde lanz\u00f3 un programa, fue donde la modelo chilena lanz\u00f3 la promesa a sus seguidores y los aficionados americanistas.<\/p>\n<p>Ch\u00e1vez dio a conocer su promesa durante el lanzamiento de su programa en su cuenta de Instagram . \u201cEl primer programa por Instagram, ya son miles de conectados, no te pierdas mi live. Y si @ClubAmerica sale campe\u00f3n habr\u00e1 programa muy sexy\u201d, escribi\u00f3 Ch\u00e1vez, quien en varias ocasiones ha demostrado ser seguidora del Am\u00e9rica.<\/p>\n<blockquote class=\"twitter-tweet\" data-lang=\"es\">\n<p dir=\"ltr\" lang=\"es\">Si quieres que las \u00e1guilas ganen dale Rt vamos <a href=\"https:\/\/twitter.com\/ClubAmerica\">@ClubAmerica<\/a> vamos Ame!<a href=\"https:\/\/t.co\/lMA1g6hLww\">https:\/\/t.co\/lMA1g6hLww<\/a> en las buenas y en las malas! <a href=\"https:\/\/t.co\/UTzRdKed8r\">pic.twitter.com\/UTzRdKed8r<\/a><\/p>\n<p>\u2014 Daniella Chavez (@daniellachavezc) <a href=\"https:\/\/twitter.com\/daniellachavezc\/status\/833068805689659394\">18 de febrero de 2017<\/a><\/p><\/blockquote>\n<p><script async src=\"\/\/platform.twitter.com\/widgets.js\" charset=\"utf-8\"><\/script><\/p>\n<blockquote class=\"instagram-media\" style=\"background: #FFF; border: 0; border-radius: 3px; box-shadow: 0 0 1px 0 rgba(0,0,0,0.5),0 1px 10px 0 rgba(0,0,0,0.15); margin: 1px; max-width: 658px; padding: 0; width: calc(100% - 2px);\" data-instgrm-captioned=\"\" data-instgrm-version=\"7\">\n<div style=\"padding: 8px;\">\n<div style=\"background: #F8F8F8; line-height: 0; margin-top: 40px; padding: 50.0% 0; text-align: center; width: 100%;\"><\/div>\n<p style=\"margin: 8px 0 0 0; padding: 0 4px;\"><a style=\"color: #000; font-family: Arial,sans-serif; font-size: 14px; font-style: normal; font-weight: normal; line-height: 17px; text-decoration: none; word-wrap: break-word;\" href=\"https:\/\/www.instagram.com\/p\/7wmopgSkS-\/\" target=\"_blank\">Ya en Punta Arenas! Primero disco Cube y luego Club K &#x1f46f; s\u00edganme en Periscope &#x1f430;&#x1f495; Playmate Daniella&#x1f495; . .<\/a><\/p>\n<p style=\"color: #c9c8cd; font-family: Arial,sans-serif; font-size: 14px; line-height: 17px; margin-bottom: 0; margin-top: 8px; overflow: hidden; padding: 8px 0 7px; text-align: center; text-overflow: ellipsis; white-space: nowrap;\">A post shared by Daniella Ch\u00e1vez (@daniellachavezofficial) on <time style=\"font-family: Arial,sans-serif; font-size: 14px; line-height: 17px;\" datetime=\"2015-09-18T05:00:25+00:00\">Sep 17, 2015 at 10:00pm PDT<\/time><\/p>\n<\/div>\n<\/blockquote>\n<p><script async defer src=\"\/\/platform.instagram.com\/en_US\/embeds.js\"><\/script><\/p>\n","protected":false},"excerpt":{"rendered":"<p>Daniella Ch\u00e1vez espera que su equipo sea campe\u00f3n.<\/p>\n","protected":false},"author":20,"featured_media":463055,"comment_status":"closed","ping_status":"closed","sticky":false,"template":"","format":"standard","meta":[],"categories":[5419,2198,3845],"tags":[5460,8269],"_links":{"self":[{"href":"http:\/\/desarrollo.grupomedios.com\/futbol\/wp-json\/wp\/v2\/posts\/463038"}],"collection":[{"href":"http:\/\/desarrollo.grupomedios.com\/futbol\/wp-json\/wp\/v2\/posts"}],"about":[{"href":"http:\/\/desarrollo.grupomedios.com\/futbol\/wp-json\/wp\/v2\/types\/post"}],"author":[{"embeddable":true,"href":"http:\/\/desarrollo.grupomedios.com\/futbol\/wp-json\/wp\/v2\/users\/20"}],"replies":[{"embeddable":true,"href":"http:\/\/desarrollo.grupomedios.com\/futbol\/wp-json\/wp\/v2\/comments?post=463038"}],"version-history":[{"count":0,"href":"http:\/\/desarrollo.grupomedios.com\/futbol\/wp-json\/wp\/v2\/posts\/463038\/revisions"}],"wp:featuredmedia":[{"embeddable":true,"href":"http:\/\/desarrollo.grupomedios.com\/futbol\/wp-json\/wp\/v2\/media\/463055"}],"wp:attachment":[{"href":"http:\/\/desarrollo.grupomedios.com\/futbol\/wp-json\/wp\/v2\/media?parent=463038"}],"wp:term":[{"taxonomy":"category","embeddable":true,"href":"http:\/\/desarrollo.grupomedios.com\/futbol\/wp-json\/wp\/v2\/categories?post=463038"},{"taxonomy":"post_tag","embeddable":true,"href":"http:\/\/desarrollo.grupomedios.com\/futbol\/wp-json\/wp\/v2\/tags?post=463038"}],"curies":[{"name":"wp","href":"https:\/\/api.w.org\/{rel}","templated":true}]}}