{"id":463244,"date":"2017-02-22T16:14:55","date_gmt":"2017-02-22T22:14:55","guid":{"rendered":"https:\/\/www.futboltotal.com.mx\/?p=463244"},"modified":"2017-02-22T16:14:55","modified_gmt":"2017-02-22T22:14:55","slug":"checo-perez-piensa-en-la-sorpresa-la-temporada","status":"publish","type":"post","link":"http:\/\/desarrollo.grupomedios.com\/futbol\/no-todo-es-futbol\/checo-perez-piensa-en-la-sorpresa-la-temporada\/2017\/02","title":{"rendered":"Checo P\u00e9rez piensa en ser la sorpresa de la temporada"},"content":{"rendered":"<p>El mexicano Sergio P\u00e9rez aguarda el comienzo del Campeonato del Mundo de F\u00f3rmula Uno de 2017 con el convencimiento de que su escuder\u00eda, Force India, puede ser &#8220;una de las sorpresas de la temporada&#8221;.<\/p>\n<p>El piloto de Guadalajara, de 27 a\u00f1os, asegur\u00f3 que su prop\u00f3sito es mejorar el s\u00e9ptimo puesto logrado el pasado a\u00f1o, lo que supondr\u00e1 &#8220;un gran desaf\u00edo&#8221;, pero tiene plena confianza en el rendimiento de su nuevo Force India. &#8220;Creo que podemos ser una de las sorpresas de la temporada y sue\u00f1o con que juntos podamos conseguir nuestra primera victoria&#8221;, afirm\u00f3 en declaraciones facilitadas por su equipo.<\/p>\n<blockquote class=\"twitter-tweet\" data-lang=\"es\">\n<p dir=\"ltr\" lang=\"en\">Our boys are in the house! <a href=\"https:\/\/twitter.com\/hashtag\/VJM10?src=hash\">#VJM10<\/a> <a href=\"https:\/\/t.co\/qSYQJoalkg\">pic.twitter.com\/qSYQJoalkg<\/a><\/p>\n<p>\u2014 Sahara Force India (@ForceIndiaF1) <a href=\"https:\/\/twitter.com\/ForceIndiaF1\/status\/834403965844455424\">22 de febrero de 2017<\/a><\/p><\/blockquote>\n<p><script async src=\"\/\/platform.twitter.com\/widgets.js\" charset=\"utf-8\"><\/script><\/p>\n<p>&#8216;Checo&#8217; P\u00e9rez, que afronta su cuarta temporada en Force India, se\u00f1al\u00f3 igualmente que las nuevas reglas presentar\u00e1n nuevos retos tanto a los pilotos como a los miembros de los equipos. Por esta raz\u00f3n, y despu\u00e9s de &#8220;un largo invierno&#8221;, est\u00e1 deseando conducir su nuevo monoplaza, el VJM10.<\/p>\n<p>Sergio P\u00e9rez desvel\u00f3 que la pretemporada fue algo distinta: el entrenamiento f\u00edsico se alarg\u00f3 durante dos meses y medio, cuando anteriormente dedicaba uno, y se ejercit\u00f3 a altas temperaturas.<\/p>\n<p style=\"text-align: center;\"><span style=\"color: #3366ff;\"><a style=\"color: #3366ff;\" href=\"https:\/\/www.futboltotal.com.mx\/2017\/02\/resultado-champions-league-porto-0-2-juventus\/\">LEER M\u00c1S: \u00a1Juventus asalta el estadio del Drag\u00f3n! \u00a1\u00bfCulpa de Lay\u00fan?!<\/a><\/span><\/p>\n<p>El mexicano coincide con sus oponentes en que la exigencia f\u00edsica ser\u00e1 mayor, por las altas fuerzas que tendr\u00e1n que soportar, especialmente, en las curvas.<\/p>\n<p>&#8220;Tendremos grandes cargas laterales y espero una menor degradaci\u00f3n de neum\u00e1ticos y un ritmo de carrera m\u00e1s alto&#8221;, dijo.<\/p>\n<p>Preguntado por su relaci\u00f3n con su nuevo compa\u00f1ero de equipo, el franc\u00e9s Esteban Ocon, indic\u00f3 que parece &#8220;muy amable&#8221;.<\/p>\n<p>&#8220;Siempre he tenido una buena relaci\u00f3n con mis compa\u00f1eros. En el caso de Nico H\u00fclkenberg era muy abierta, as\u00ed que espero que sea igual con Esteban&#8221;, dese\u00f3.<\/p>\n<p>P\u00e9rez considera necesario tambi\u00e9n que Ocon le apriete y exija. &#8220;Es importante tener al lado a alguien que te rete. Eso es lo que necesita el equipo&#8221;, abund\u00f3. EFE<\/p>\n","protected":false},"excerpt":{"rendered":"<p>El mexicano present\u00f3 los nuevos autos de Force India<\/p>\n","protected":false},"author":144,"featured_media":459698,"comment_status":"closed","ping_status":"closed","sticky":false,"template":"","format":"standard","meta":[],"categories":[5810,5419,5418,6411],"tags":[5461],"_links":{"self":[{"href":"http:\/\/desarrollo.grupomedios.com\/futbol\/wp-json\/wp\/v2\/posts\/463244"}],"collection":[{"href":"http:\/\/desarrollo.grupomedios.com\/futbol\/wp-json\/wp\/v2\/posts"}],"about":[{"href":"http:\/\/desarrollo.grupomedios.com\/futbol\/wp-json\/wp\/v2\/types\/post"}],"author":[{"embeddable":true,"href":"http:\/\/desarrollo.grupomedios.com\/futbol\/wp-json\/wp\/v2\/users\/144"}],"replies":[{"embeddable":true,"href":"http:\/\/desarrollo.grupomedios.com\/futbol\/wp-json\/wp\/v2\/comments?post=463244"}],"version-history":[{"count":0,"href":"http:\/\/desarrollo.grupomedios.com\/futbol\/wp-json\/wp\/v2\/posts\/463244\/revisions"}],"wp:featuredmedia":[{"embeddable":true,"href":"http:\/\/desarrollo.grupomedios.com\/futbol\/wp-json\/wp\/v2\/media\/459698"}],"wp:attachment":[{"href":"http:\/\/desarrollo.grupomedios.com\/futbol\/wp-json\/wp\/v2\/media?parent=463244"}],"wp:term":[{"taxonomy":"category","embeddable":true,"href":"http:\/\/desarrollo.grupomedios.com\/futbol\/wp-json\/wp\/v2\/categories?post=463244"},{"taxonomy":"post_tag","embeddable":true,"href":"http:\/\/desarrollo.grupomedios.com\/futbol\/wp-json\/wp\/v2\/tags?post=463244"}],"curies":[{"name":"wp","href":"https:\/\/api.w.org\/{rel}","templated":true}]}}