{"id":463447,"date":"2017-02-23T11:00:28","date_gmt":"2017-02-23T17:00:28","guid":{"rendered":"https:\/\/www.futboltotal.com.mx\/?p=463447"},"modified":"2017-02-23T14:00:34","modified_gmt":"2017-02-23T20:00:34","slug":"karim-benzema-sera-sancionado-pertubar-a-animal-en-extincion","status":"publish","type":"post","link":"http:\/\/desarrollo.grupomedios.com\/futbol\/futbol-internacional\/karim-benzema-sera-sancionado-pertubar-a-animal-en-extincion\/2017\/02","title":{"rendered":"Benzema ser\u00e1 sancionado por pertubar a una iguana"},"content":{"rendered":"<p>El Parque Natural de Martinica present\u00f3 una denuncia al fiscal de Fort-de-France \u2013ciudad francesa situada en Martinica\u2013 contra el futbolista\u00a0<strong>Karim Benzema<\/strong> por &#8220;capturar y perturbar de forma deliberada a una especie delicad\u00edsima&#8221;, acci\u00f3n\u00a0por la cual ser\u00e1 multado econ\u00f3micamente, seg\u00fan inform\u00f3 el diario franc\u00e9s <em>La Provence<\/em>.<\/p>\n<blockquote class=\"twitter-tweet\" data-lang=\"es\">\n<p dir=\"ltr\" lang=\"fr\">Merci \u00e0 la Martinique 972 &#x1f334; <a href=\"https:\/\/twitter.com\/hashtag\/KBNueve?src=hash\">#KBNueve<\/a> <a href=\"https:\/\/t.co\/h8jNLLFZxi\">pic.twitter.com\/h8jNLLFZxi<\/a><\/p>\n<p>\u2014 Karim Benzema (@Benzema) <a href=\"https:\/\/twitter.com\/Benzema\/status\/813446416928505857\">26 de diciembre de 2016<\/a><\/p><\/blockquote>\n<p><script async src=\"\/\/platform.twitter.com\/widgets.js\" charset=\"utf-8\"><\/script><\/p>\n<p style=\"text-align: center;\"><a href=\"https:\/\/www.futboltotal.com.mx\/2017\/02\/valencia-resistio-freno-al-real-madrid\/\"><span style=\"color: #3366ff;\">LEER M\u00c1S:\u00a0Valencia resisti\u00f3 y fren\u00f3 al Real Madrid<\/span><\/a><\/p>\n<p style=\"text-align: left;\">Esto se deriva de una imagen que el artillero franc\u00e9s del Real Madrid subi\u00f3 a su cuenta de <em>Twitter<\/em> el pasado mes de diciembre, en la cual se le ve sostener a una iguana end\u00e9mica de las Antillas Menores, una especie en peligro de extinci\u00f3n.<\/p>\n<p>El presidente del Parque Natural de Martinica, Louis Boutrin reaccion\u00f3 ante este suceso: &#8220;<strong>Benzema<\/strong> siempre ser\u00e1 bienvenido en Martinica pero debe tener cuidado. Las estrellas de futbol no est\u00e1n por encima de las leyes y deben cumplirlas&#8221;.<\/p>\n<p style=\"text-align: center;\"><a href=\"https:\/\/www.futboltotal.com.mx\/2017\/02\/toni-kroos-fue-derrotado-nino-13-anos\/\"><span style=\"color: #3366ff;\">LEER M\u00c1S:\u00a0Toni Kroos fue derrotado por un ni\u00f1o de 13 a\u00f1os<\/span><\/a><\/p>\n<p style=\"text-align: left;\"><b>S\u00edguenos en <span id=\"m_151999665415011536goog_2054972132\"><\/span>Twitter <a href=\"https:\/\/twitter.com\/MXFutbolTotal\" target=\"_blank\" data-saferedirecturl=\"https:\/\/www.google.com\/url?hl=es&amp;q=https:\/\/twitter.com\/MXFutbolTotal&amp;source=gmail&amp;ust=1487951574758000&amp;usg=AFQjCNH4K3EEMelh6ch88n7TuZ_LDvrvzA\">@MXFutbolTotal<\/a><\/b><\/p>\n","protected":false},"excerpt":{"rendered":"<p>El franc\u00e9s subi\u00f3 a su cuenta de Twitter la foto comprometedora.<\/p>\n","protected":false},"author":20,"featured_media":463455,"comment_status":"closed","ping_status":"closed","sticky":false,"template":"","format":"standard","meta":[],"categories":[3839,3844],"tags":[6042,5988],"_links":{"self":[{"href":"http:\/\/desarrollo.grupomedios.com\/futbol\/wp-json\/wp\/v2\/posts\/463447"}],"collection":[{"href":"http:\/\/desarrollo.grupomedios.com\/futbol\/wp-json\/wp\/v2\/posts"}],"about":[{"href":"http:\/\/desarrollo.grupomedios.com\/futbol\/wp-json\/wp\/v2\/types\/post"}],"author":[{"embeddable":true,"href":"http:\/\/desarrollo.grupomedios.com\/futbol\/wp-json\/wp\/v2\/users\/20"}],"replies":[{"embeddable":true,"href":"http:\/\/desarrollo.grupomedios.com\/futbol\/wp-json\/wp\/v2\/comments?post=463447"}],"version-history":[{"count":0,"href":"http:\/\/desarrollo.grupomedios.com\/futbol\/wp-json\/wp\/v2\/posts\/463447\/revisions"}],"wp:featuredmedia":[{"embeddable":true,"href":"http:\/\/desarrollo.grupomedios.com\/futbol\/wp-json\/wp\/v2\/media\/463455"}],"wp:attachment":[{"href":"http:\/\/desarrollo.grupomedios.com\/futbol\/wp-json\/wp\/v2\/media?parent=463447"}],"wp:term":[{"taxonomy":"category","embeddable":true,"href":"http:\/\/desarrollo.grupomedios.com\/futbol\/wp-json\/wp\/v2\/categories?post=463447"},{"taxonomy":"post_tag","embeddable":true,"href":"http:\/\/desarrollo.grupomedios.com\/futbol\/wp-json\/wp\/v2\/tags?post=463447"}],"curies":[{"name":"wp","href":"https:\/\/api.w.org\/{rel}","templated":true}]}}