{"id":463452,"date":"2017-02-23T11:10:22","date_gmt":"2017-02-23T17:10:22","guid":{"rendered":"https:\/\/www.futboltotal.com.mx\/?p=463452"},"modified":"2017-02-23T11:10:22","modified_gmt":"2017-02-23T17:10:22","slug":"javier-zanetti-inmortal-del-inter-la-seleccion-argentina","status":"publish","type":"post","link":"http:\/\/desarrollo.grupomedios.com\/futbol\/videos\/javier-zanetti-inmortal-del-inter-la-seleccion-argentina\/2017\/02","title":{"rendered":"Javier Zanetti: El inmortal del Inter y la selecci\u00f3n argentina"},"content":{"rendered":"<p>La selecci\u00f3n de <strong>Argentina<\/strong> como el <strong>Inter de Mil\u00e1n<\/strong> comparten a un \u00eddolo que defendi\u00f3 sus colores por\u00a0casi dos d\u00e9cadas y les dio muchas alegr\u00edas, adem\u00e1s de portar con orgullo sus respectivos gafetes de capit\u00e1n: <strong>Javier Zanetti<\/strong>.<\/p>\n<p>El <em>Pupi<\/em> puso fin a su carrera por las canchas en 2014, un trayecto de 22 a\u00f1os en los que defendi\u00f3 los colores de <strong>Talleres, Banfield e Inter<\/strong>, as\u00ed como la albiceleste de su pa\u00eds.<\/p>\n<p>Tanto de\u00a0defensa lateral como de mediocampista, Javier fue un \u00edcono de entrega y profesionalismo durante toda su trayectoria, vinculada a\u00fan fuera de las canchas al cuadro <em>nerazzurro<\/em> ahora como directivo.<\/p>\n<p class=\"p1\"><span class=\"s1\">[video_player]https:\/\/player.vimeo.com\/external\/205408644.hd.mp4?s=37380f4a39d19deacd5793afdca4aa58dbbf070c&amp;profile_id=119|wide\u00a0[\/video_player]<\/span><\/p>\n<p class=\"p1\"><a href=\"https:\/\/copa90.com\/\">Video cortes\u00eda de Copa 90<\/a> | <a href=\"https:\/\/twitter.com\/Copa90\">Twitter Copa 90<\/a> | <a href=\"https:\/\/www.facebook.com\/copa90\/\" target=\"_blank\">Facebook Copa 90<\/a>\u00a0| <a href=\"https:\/\/twitter.com\/KICK\">Twitter Kick<\/a> | <a href=\"https:\/\/www.facebook.com\/kick\/\">Facebook Kick<\/a><\/p>\n<p class=\"p1\"><span class=\"s1\"><b>S\u00edguenos en Twitter<\/b>:\u00a0<a href=\"https:\/\/twitter.com\/MXFutbolTotal\"><span class=\"s2\">@MXFutbolTotal<\/span><\/a><\/span><\/p>\n","protected":false},"excerpt":{"rendered":"<p>El Pupi jug\u00f3 a lo largo de 22 a\u00f1os para Talleres, Banfield e Inter, as\u00ed como la albiceleste de su pa\u00eds. <\/p>\n","protected":false},"author":20,"featured_media":463460,"comment_status":"closed","ping_status":"closed","sticky":false,"template":"","format":"standard","meta":[],"categories":[3839,4],"tags":[5996,1073,227,369,8280,8279],"_links":{"self":[{"href":"http:\/\/desarrollo.grupomedios.com\/futbol\/wp-json\/wp\/v2\/posts\/463452"}],"collection":[{"href":"http:\/\/desarrollo.grupomedios.com\/futbol\/wp-json\/wp\/v2\/posts"}],"about":[{"href":"http:\/\/desarrollo.grupomedios.com\/futbol\/wp-json\/wp\/v2\/types\/post"}],"author":[{"embeddable":true,"href":"http:\/\/desarrollo.grupomedios.com\/futbol\/wp-json\/wp\/v2\/users\/20"}],"replies":[{"embeddable":true,"href":"http:\/\/desarrollo.grupomedios.com\/futbol\/wp-json\/wp\/v2\/comments?post=463452"}],"version-history":[{"count":0,"href":"http:\/\/desarrollo.grupomedios.com\/futbol\/wp-json\/wp\/v2\/posts\/463452\/revisions"}],"wp:featuredmedia":[{"embeddable":true,"href":"http:\/\/desarrollo.grupomedios.com\/futbol\/wp-json\/wp\/v2\/media\/463460"}],"wp:attachment":[{"href":"http:\/\/desarrollo.grupomedios.com\/futbol\/wp-json\/wp\/v2\/media?parent=463452"}],"wp:term":[{"taxonomy":"category","embeddable":true,"href":"http:\/\/desarrollo.grupomedios.com\/futbol\/wp-json\/wp\/v2\/categories?post=463452"},{"taxonomy":"post_tag","embeddable":true,"href":"http:\/\/desarrollo.grupomedios.com\/futbol\/wp-json\/wp\/v2\/tags?post=463452"}],"curies":[{"name":"wp","href":"https:\/\/api.w.org\/{rel}","templated":true}]}}