{"id":463463,"date":"2017-02-23T12:50:25","date_gmt":"2017-02-23T18:50:25","guid":{"rendered":"https:\/\/www.futboltotal.com.mx\/?p=463463"},"modified":"2017-02-23T12:56:22","modified_gmt":"2017-02-23T18:56:22","slug":"gran-salto-manuel-neuer-portero-libero","status":"publish","type":"post","link":"http:\/\/desarrollo.grupomedios.com\/futbol\/videos\/gran-salto-manuel-neuer-portero-libero\/2017\/02","title":{"rendered":"El gran salto de Manuel Neuer, el portero l\u00edbero"},"content":{"rendered":"<p>Iniciando en el deporte del futbol desde muy chico, el alem\u00e1n <strong>Manuel Neuer<\/strong> se sum\u00f3 al <strong>Schalke 04<\/strong> desde ni\u00f1o y, como en muchos otros casos de jugadores que lograron triunfar pese a algunos obst\u00e1culos, no fue la excepci\u00f3n del arquero.<\/p>\n<p>Hubo quienes en su momento dudaron de que Neuer tuviera las condiciones necesarias para tener un puesto en el futbol profesional. A\u00f1os m\u00e1s tarde, el\u00a0guardameta del <strong>Bayern Munich<\/strong> y la selecci\u00f3n de <strong>Alemania<\/strong> ha revolucionado la posici\u00f3n de arquero y se ha sumado a hist\u00f3ricos que presumen entre su palmar\u00e9s los t\u00edtulos de <strong>Champions League<\/strong> y la <strong>Copa del Mundo<\/strong>.<\/p>\n<p class=\"p1\"><span class=\"s1\">[video_player]https:\/\/player.vimeo.com\/external\/205293633.hd.mp4?s=cf3dc586b1f650051cccc8d56a9acab23f592c6d&amp;profile_id=119|wide\u00a0[\/video_player]<\/span><\/p>\n<p class=\"p1\"><a href=\"https:\/\/copa90.com\/\">Video cortes\u00eda de Copa 90<\/a> | <a href=\"https:\/\/twitter.com\/Copa90\">Twitter Copa 90<\/a> | <a href=\"https:\/\/www.facebook.com\/copa90\/\" target=\"_blank\">Facebook Copa 90<\/a>\u00a0| <a href=\"https:\/\/twitter.com\/KICK\">Twitter Kick<\/a> | <a href=\"https:\/\/www.facebook.com\/kick\/\">Facebook Kick<\/a><\/p>\n<p class=\"p1\"><span class=\"s1\"><b>S\u00edguenos en Twitter<\/b>:\u00a0<a href=\"https:\/\/twitter.com\/MXFutbolTotal\"><span class=\"s2\">@MXFutbolTotal<\/span><\/a><\/span><\/p>\n","protected":false},"excerpt":{"rendered":"<p>El guardameta del Bayern Munich y Alemania se ha sumado a hist\u00f3ricos al ganar Champions League y Copa del Mundo.<\/p>\n","protected":false},"author":20,"featured_media":461170,"comment_status":"closed","ping_status":"closed","sticky":false,"template":"","format":"standard","meta":[],"categories":[3841,3839,6822,4],"tags":[6000,2056,6841,5053],"_links":{"self":[{"href":"http:\/\/desarrollo.grupomedios.com\/futbol\/wp-json\/wp\/v2\/posts\/463463"}],"collection":[{"href":"http:\/\/desarrollo.grupomedios.com\/futbol\/wp-json\/wp\/v2\/posts"}],"about":[{"href":"http:\/\/desarrollo.grupomedios.com\/futbol\/wp-json\/wp\/v2\/types\/post"}],"author":[{"embeddable":true,"href":"http:\/\/desarrollo.grupomedios.com\/futbol\/wp-json\/wp\/v2\/users\/20"}],"replies":[{"embeddable":true,"href":"http:\/\/desarrollo.grupomedios.com\/futbol\/wp-json\/wp\/v2\/comments?post=463463"}],"version-history":[{"count":0,"href":"http:\/\/desarrollo.grupomedios.com\/futbol\/wp-json\/wp\/v2\/posts\/463463\/revisions"}],"wp:featuredmedia":[{"embeddable":true,"href":"http:\/\/desarrollo.grupomedios.com\/futbol\/wp-json\/wp\/v2\/media\/461170"}],"wp:attachment":[{"href":"http:\/\/desarrollo.grupomedios.com\/futbol\/wp-json\/wp\/v2\/media?parent=463463"}],"wp:term":[{"taxonomy":"category","embeddable":true,"href":"http:\/\/desarrollo.grupomedios.com\/futbol\/wp-json\/wp\/v2\/categories?post=463463"},{"taxonomy":"post_tag","embeddable":true,"href":"http:\/\/desarrollo.grupomedios.com\/futbol\/wp-json\/wp\/v2\/tags?post=463463"}],"curies":[{"name":"wp","href":"https:\/\/api.w.org\/{rel}","templated":true}]}}