{"id":463485,"date":"2017-02-23T13:32:30","date_gmt":"2017-02-23T19:32:30","guid":{"rendered":"https:\/\/www.futboltotal.com.mx\/?p=463485"},"modified":"2017-02-23T13:39:28","modified_gmt":"2017-02-23T19:39:28","slug":"victor-vazquez-explota-futbol-mexicano-perjudica-a-espanoles","status":"publish","type":"post","link":"http:\/\/desarrollo.grupomedios.com\/futbol\/destacado-home\/victor-vazquez-explota-futbol-mexicano-perjudica-a-espanoles\/2017\/02","title":{"rendered":"V\u00edctor V\u00e1zquez explota: &#8220;El futbol mexicano perjudica a espa\u00f1oles&#8221;"},"content":{"rendered":"<p>Apenas poco tiempo ha pasado desde que el espa\u00f1ol <strong>V\u00edctor V\u00e1zquez<\/strong> dejara de ser jugador del <strong>Cruz Azul,<\/strong> con un paso sin pena ni gloria por el futbol mexicano y el ib\u00e9rico ya ha manifestado lo mala que fue su experiencia en la Liga MX, al grado de asegurar que no es una competencia apta para futbolistas de su pa\u00eds.<\/p>\n<p>&#8220;El futbol mexicano es diferente y por eso a los espa\u00f1oles nos cuesta tanto adaptarnos. No es una excusa, pero la altitud, el calor y los horarios nos perjudican m\u00e1s que nos benefician. Uno se cansa mucho m\u00e1s cuando juega. Afortunadamente, ya es pasado&#8221;, declar\u00f3 el jugador para el diario AS.<\/p>\n<p>Pese a haber llegado con el cartel de ser un jugador formado en La Mas\u00eda del Barcelona, V\u00e1zquez nunca pudo adaptarse al ritmo de juego de M\u00e9xico, incluso siendo mandado a la tribuna en la etapa de Tom\u00e1s Boy al frente de <em>La M\u00e1quina<\/em>.<\/p>\n<p style=\"text-align: center;\"><a href=\"https:\/\/www.futboltotal.com.mx\/2017\/02\/higuera-asegura-chivas-100-mexicano-lo-ni-tri\/\">VER M\u00c1S: HIGUERA ASEGURA: &#8220;CHIVAS ES 100% MEXICANO, ESO NO LO HACE NI EL TRI&#8221;<\/a><\/p>\n<p>&#8220;Ni yo ni mi familia est\u00e1bamos a gusto. Tratamos de llevarlo de la mejor manera, pero no fue posible. As\u00ed se lo comunicamos al club. S\u00e9 que Cruz Azul ha perdido dinero porque en su d\u00eda pag\u00f3 por m\u00ed y ahora ha tenido que dejarme salir. Se lo agradezco&#8221;, confes\u00f3 el espa\u00f1ol.<\/p>\n<p>V\u00e1zquez tambi\u00e9n se refiri\u00f3 al tema de la inseguridad que se vive en suelo mexicano, lo que le llev\u00f3 a decir que jugar en un pa\u00eds como este no era lo correcto ni para \u00e9l ni para su familia.<\/p>\n<p>&#8220;El jugador debe velar por la seguridad de su familia. Eso es lo primero. En M\u00e9xico hemos visto cosas de todo tipo. Te dicen aquello de &#8216;M\u00e9xico es as\u00ed&#8217; y es cierto, es as\u00ed. Son cosas aparte del futbol. Para nosotros no era el sitio adecuado. Hay mucho estr\u00e9s, adem\u00e1s el tr\u00e1fico es ca\u00f3tico&#8221;, concluy\u00f3.<\/p>\n<p style=\"text-align: center;\"><a href=\"https:\/\/www.futboltotal.com.mx\/2017\/02\/profeco-recomienda-a-chivas-cambiar-plataforma\/\">VER M\u00c1S: PROFECO RECOMIENDA A CHIVAS CAMBIAR DE PLATAFORMA<\/a><\/p>\n<p class=\"p1\"><span class=\"s1\"><b>S\u00edguenos en Twitter<\/b>:\u00a0<a href=\"https:\/\/twitter.com\/MXFutbolTotal\"><span class=\"s2\">@MXFutbolTotal<\/span><\/a><\/span><\/p>\n","protected":false},"excerpt":{"rendered":"<p>El ex de Cruz Azul ya ha manifestado lo mala que fue su experiencia en la Liga MX.<\/p>\n","protected":false},"author":20,"featured_media":457200,"comment_status":"closed","ping_status":"closed","sticky":false,"template":"","format":"standard","meta":[],"categories":[5,3839,2198,3845,7580],"tags":[5962,271,64,195,906,6581],"_links":{"self":[{"href":"http:\/\/desarrollo.grupomedios.com\/futbol\/wp-json\/wp\/v2\/posts\/463485"}],"collection":[{"href":"http:\/\/desarrollo.grupomedios.com\/futbol\/wp-json\/wp\/v2\/posts"}],"about":[{"href":"http:\/\/desarrollo.grupomedios.com\/futbol\/wp-json\/wp\/v2\/types\/post"}],"author":[{"embeddable":true,"href":"http:\/\/desarrollo.grupomedios.com\/futbol\/wp-json\/wp\/v2\/users\/20"}],"replies":[{"embeddable":true,"href":"http:\/\/desarrollo.grupomedios.com\/futbol\/wp-json\/wp\/v2\/comments?post=463485"}],"version-history":[{"count":0,"href":"http:\/\/desarrollo.grupomedios.com\/futbol\/wp-json\/wp\/v2\/posts\/463485\/revisions"}],"wp:featuredmedia":[{"embeddable":true,"href":"http:\/\/desarrollo.grupomedios.com\/futbol\/wp-json\/wp\/v2\/media\/457200"}],"wp:attachment":[{"href":"http:\/\/desarrollo.grupomedios.com\/futbol\/wp-json\/wp\/v2\/media?parent=463485"}],"wp:term":[{"taxonomy":"category","embeddable":true,"href":"http:\/\/desarrollo.grupomedios.com\/futbol\/wp-json\/wp\/v2\/categories?post=463485"},{"taxonomy":"post_tag","embeddable":true,"href":"http:\/\/desarrollo.grupomedios.com\/futbol\/wp-json\/wp\/v2\/tags?post=463485"}],"curies":[{"name":"wp","href":"https:\/\/api.w.org\/{rel}","templated":true}]}}