{"id":463502,"date":"2017-02-23T14:33:23","date_gmt":"2017-02-23T20:33:23","guid":{"rendered":"https:\/\/www.futboltotal.com.mx\/?p=463502"},"modified":"2017-02-23T14:33:23","modified_gmt":"2017-02-23T20:33:23","slug":"leicester-city-despide-a-claudio-ranieri","status":"publish","type":"post","link":"http:\/\/desarrollo.grupomedios.com\/futbol\/futbol-internacional\/leicester-city-despide-a-claudio-ranieri\/2017\/02","title":{"rendered":"\u00a1Leicester City despide a Claudio Ranieri!"},"content":{"rendered":"<p>Luego de caer en la Champions League ante el Sevilla y tras los malos resultados en la Premier League, donde el equipo est\u00e1 en puestos de descenso, el Leicester City ha despedido al italiano Claudio Ranieri, t\u00e9cnico con el que ganaron la temporada 2015-16.<\/p>\n<blockquote class=\"twitter-tweet\" data-width=\"500\">\n<p lang=\"en\" dir=\"ltr\">Club statement: <a href=\"https:\/\/twitter.com\/hashtag\/lcfc?src=hash\">#lcfc<\/a> and Claudio Ranieri part company: <a href=\"https:\/\/t.co\/C5qnSVxDgU\">https:\/\/t.co\/C5qnSVxDgU<\/a> <a href=\"https:\/\/t.co\/VqlHy1I6Ut\">pic.twitter.com\/VqlHy1I6Ut<\/a><\/p>\n<p>&mdash; Leicester City (@LCFC) <a href=\"https:\/\/twitter.com\/LCFC\/status\/834855909927088128\">February 23, 2017<\/a><\/p><\/blockquote>\n<p><script async src=\"\/\/platform.twitter.com\/widgets.js\" charset=\"utf-8\"><\/script><\/p>\n<p>El vicepresidente del club ,Aiyawatt Srivaddhanaprabha, ha comentado que &#8220;la decisi\u00f3n de despedir a Ranieri ha sido la decisi\u00f3n m\u00e1s dif\u00edcil en los siete a\u00f1os que King Power ha estado con el Leicester City, pero siempre tienen que ver los intereses del club y no los sentimientos de la persona&#8221;.<\/p>\n<p>Los encargados del equipo para el pr\u00f3ximo partido de Premier League ser\u00e1n los asistentes Craig Shakespeare y Mike Stowell, esto mientras los Foxes encuentran al reemplazo del t\u00e9cnico italiano.<\/p>\n<p style=\"text-align: center;\"><span style=\"color: #3366ff;\"><a style=\"color: #3366ff;\" href=\"https:\/\/www.futboltotal.com.mx\/2017\/02\/chivas-despierta-interes-en-china\/\">LEER M\u00c1S: Chivas despierta inter\u00e9s en China<\/a><\/span><\/p>\n<p>Ranieri lleg\u00f3 en julio de 2015 al Leicester City con la misi\u00f3n de evitar el descenso luego de una muy mala temporada. Para sorpresa de muchos, los Foxes fueron los monarcas de la Premier League y se metieron a los Octavos de Final de la Champions League, donde todav\u00eda mantienen esperanzas tras la derrota de ayer por 2-1 ante el Sevilla.<\/p>\n<blockquote><p>\u201cClaudio ha aportado cualidades sobresalientes para el equipo. Su habilidad en la gesti\u00f3n, su capacidad de motivaci\u00f3n y el enfoque de juego han sido el reflejo de la rica experiencia que siempre supimos que nos traer\u00eda. Su calidez, encanto y carisma han ayudado a transformar las percepciones del club y a desarrollar su perfil a escala global. Siempre le estaremos agradecidos por lo que nos ha ayudado a lograr&#8221;, coemnt\u00f3 el vicepresidente.<\/p><\/blockquote>\n<p>Adem\u00e1s. Srivaddhanaprabha agreg\u00f3 sobre sus expectativas para esta temporada, mismas que no pudo cumplir el t\u00e9cnico italiano.<\/p>\n<p>\u201cNunca fue nuestra expectativa que las extraordinarias haza\u00f1as logradas el a\u00f1o pasado se repitieran en la presente. De hecho, la permanencia en la Premier League ha sido nuestro primer y \u00fanico objetivo al comienzo de la campa\u00f1a. Pero ahora nos enfrentamos a una lucha para alcanzar ese objetivo y sentimos que es necesario un cambio para maximizar la oportunidad de competir en los \u00faltimos 13 partidos\u201d, se lee en el comunicado.<\/p>\n","protected":false},"excerpt":{"rendered":"<p>El italiano dej\u00f3 al club cerca de la zona del descenso.<\/p>\n","protected":false},"author":20,"featured_media":458965,"comment_status":"closed","ping_status":"closed","sticky":false,"template":"","format":"standard","meta":[],"categories":[3839,5951],"tags":[775,334],"_links":{"self":[{"href":"http:\/\/desarrollo.grupomedios.com\/futbol\/wp-json\/wp\/v2\/posts\/463502"}],"collection":[{"href":"http:\/\/desarrollo.grupomedios.com\/futbol\/wp-json\/wp\/v2\/posts"}],"about":[{"href":"http:\/\/desarrollo.grupomedios.com\/futbol\/wp-json\/wp\/v2\/types\/post"}],"author":[{"embeddable":true,"href":"http:\/\/desarrollo.grupomedios.com\/futbol\/wp-json\/wp\/v2\/users\/20"}],"replies":[{"embeddable":true,"href":"http:\/\/desarrollo.grupomedios.com\/futbol\/wp-json\/wp\/v2\/comments?post=463502"}],"version-history":[{"count":0,"href":"http:\/\/desarrollo.grupomedios.com\/futbol\/wp-json\/wp\/v2\/posts\/463502\/revisions"}],"wp:featuredmedia":[{"embeddable":true,"href":"http:\/\/desarrollo.grupomedios.com\/futbol\/wp-json\/wp\/v2\/media\/458965"}],"wp:attachment":[{"href":"http:\/\/desarrollo.grupomedios.com\/futbol\/wp-json\/wp\/v2\/media?parent=463502"}],"wp:term":[{"taxonomy":"category","embeddable":true,"href":"http:\/\/desarrollo.grupomedios.com\/futbol\/wp-json\/wp\/v2\/categories?post=463502"},{"taxonomy":"post_tag","embeddable":true,"href":"http:\/\/desarrollo.grupomedios.com\/futbol\/wp-json\/wp\/v2\/tags?post=463502"}],"curies":[{"name":"wp","href":"https:\/\/api.w.org\/{rel}","templated":true}]}}