{"id":463525,"date":"2017-02-23T16:04:13","date_gmt":"2017-02-23T22:04:13","guid":{"rendered":"https:\/\/www.futboltotal.com.mx\/?p=463525"},"modified":"2017-02-23T16:04:13","modified_gmt":"2017-02-23T22:04:13","slug":"historia-keylor-navas-llegara-a-la-pantalla-grande","status":"publish","type":"post","link":"http:\/\/desarrollo.grupomedios.com\/futbol\/futbol-internacional\/historia-keylor-navas-llegara-a-la-pantalla-grande\/2017\/02","title":{"rendered":"Historia de Keylor Navas llegar\u00e1 a la pantalla grande"},"content":{"rendered":"<p>La vida del portero costarricense del <strong>Real Madrid, Keylor Navas,<\/strong> desde sus inicios en un humilde pueblo hasta su llegada al club espa\u00f1ol, ser\u00e1 llevada al cine con el t\u00edtulo <em>&#8220;Hombre de fe&#8221;<\/em>, anunci\u00f3 hoy la producci\u00f3n.<\/p>\n<p>El largometraje tendr\u00e1 una duraci\u00f3n de 90 a 100 minutos, ser\u00e1 rodada entre mayo y junio y su estreno est\u00e1 previsto para el 22 de diciembre en un evento en Costa Rica, en la que estar\u00e1 presente el guardameta.<\/p>\n<p><strong>Navas<\/strong> no aparecer\u00e1 en la pel\u00edcula represent\u00e1ndose a s\u00ed mismo, pero s\u00ed en &#8220;cameos&#8221; (escenas espor\u00e1dicas representando a otro personaje), dijo en una conferencia de prensa la guionista de la pel\u00edcula, Dinga Haines.<\/p>\n<p style=\"text-align: center;\"><a href=\"https:\/\/www.futboltotal.com.mx\/2017\/02\/leicester-city-despide-a-claudio-ranieri\/\" target=\"_blank\">LEER M\u00c1S: \u00a1Leicester City despide a Claudio Ranieri!<\/a><\/p>\n<p>La cinta contar\u00e1 la historia de Navas desde que era un ni\u00f1o en el pueblo de San Andr\u00e9s de P\u00e9rez Zeled\u00f3n, una zona agr\u00edcola del sur de Costa Rica, hasta el ascenso en su carrera que lo llev\u00f3 al Saprissa, a la selecci\u00f3n de Costa Rica, y finalmente a Espa\u00f1a con el Albacete, el Levante y el Real Madrid.<\/p>\n<blockquote><p>&#8220;Intentaremos hacer algo lindo que a la gente le guste y que sirva para que tengan fe. Me gusta el nombre de la pel\u00edcula porque la fe ha sido parte esencial de mi vida&#8221;, declar\u00f3 <strong>Navas<\/strong> desde Madrid v\u00eda Skype, sin atender preguntas de la prensa.<\/p><\/blockquote>\n<p>El guardameta destac\u00f3 que el mensaje principal de la pel\u00edcula es que siempre hay que luchar por los sue\u00f1os y tener fe en Dios en todo momento para lograr los objetivos de la vida.<\/p>\n<blockquote><p>&#8220;Mi vida ha sido muy bonita pero tambi\u00e9n he enfrentado barreras y obst\u00e1culos. Siempre he cre\u00eddo en Dios y que todo es posible porque \u00e9l ayuda a cumplir los sue\u00f1os a quien se esfuerza&#8221;, declar\u00f3 el futbolista.<\/p><\/blockquote>\n<p>Un dato curioso del filme es que la producci\u00f3n encontr\u00f3 el veh\u00edculo en el que el abuelo de <strong>Navas<\/strong> le llev\u00f3 a pasear y le dio sus primeras clases de manejo cuando el jugador era apenas un ni\u00f1o.<\/p>\n<blockquote><p>&#8220;Quiero quedarme con el carro al final de la pel\u00edcula&#8221;, expres\u00f3 Navas entre risas.<\/p><\/blockquote>\n<p>La pel\u00edcula est\u00e1 a cargo de la productora PCP, que cuenta con el permiso del <strong>Real Madrid<\/strong> y que ya ha entrevistado a decenas de personas relacionadas a la vida de <strong>Keylor<\/strong> para escribir el gui\u00f3n.<\/p>\n<p>La productora asegura que no se trata de un documental, sino de una pel\u00edcula inspirada en la vida de Navas y que el objetivo no es ensalzar su imagen, sino mostrar la humildad, el esfuerzo y la fe para inspirar al p\u00fablico.<\/p>\n<p>&nbsp;<\/p>\n<p>Navas, de 30 a\u00f1os, juega en el <strong>Real Madrid<\/strong> desde el 2014, y gan\u00f3 la Liga de Campeones el a\u00f1o pasado.<\/p>\n<blockquote><p>&#8220;Van a conocer las cosas positivas y las negativas que tuve que pasar en mi vida y mi carrera para poder estar donde estoy, pero sobretodo quiero que le sirva de ilusi\u00f3n a muchos ni\u00f1os, que los inspire&#8221;, concluy\u00f3 el guardameta.<\/p><\/blockquote>\n","protected":false},"excerpt":{"rendered":"<p>La vida del guardameta de Costa Rica tendr\u00e1 una pel\u00edcula. <\/p>\n","protected":false},"author":144,"featured_media":463526,"comment_status":"closed","ping_status":"closed","sticky":false,"template":"","format":"standard","meta":[],"categories":[3839,3844],"tags":[5590,5988],"_links":{"self":[{"href":"http:\/\/desarrollo.grupomedios.com\/futbol\/wp-json\/wp\/v2\/posts\/463525"}],"collection":[{"href":"http:\/\/desarrollo.grupomedios.com\/futbol\/wp-json\/wp\/v2\/posts"}],"about":[{"href":"http:\/\/desarrollo.grupomedios.com\/futbol\/wp-json\/wp\/v2\/types\/post"}],"author":[{"embeddable":true,"href":"http:\/\/desarrollo.grupomedios.com\/futbol\/wp-json\/wp\/v2\/users\/144"}],"replies":[{"embeddable":true,"href":"http:\/\/desarrollo.grupomedios.com\/futbol\/wp-json\/wp\/v2\/comments?post=463525"}],"version-history":[{"count":0,"href":"http:\/\/desarrollo.grupomedios.com\/futbol\/wp-json\/wp\/v2\/posts\/463525\/revisions"}],"wp:featuredmedia":[{"embeddable":true,"href":"http:\/\/desarrollo.grupomedios.com\/futbol\/wp-json\/wp\/v2\/media\/463526"}],"wp:attachment":[{"href":"http:\/\/desarrollo.grupomedios.com\/futbol\/wp-json\/wp\/v2\/media?parent=463525"}],"wp:term":[{"taxonomy":"category","embeddable":true,"href":"http:\/\/desarrollo.grupomedios.com\/futbol\/wp-json\/wp\/v2\/categories?post=463525"},{"taxonomy":"post_tag","embeddable":true,"href":"http:\/\/desarrollo.grupomedios.com\/futbol\/wp-json\/wp\/v2\/tags?post=463525"}],"curies":[{"name":"wp","href":"https:\/\/api.w.org\/{rel}","templated":true}]}}