{"id":463559,"date":"2017-02-23T19:33:24","date_gmt":"2017-02-24T01:33:24","guid":{"rendered":"https:\/\/www.futboltotal.com.mx\/?p=463559"},"modified":"2017-02-23T19:35:52","modified_gmt":"2017-02-24T01:35:52","slug":"del-potro-djokovic-nadal-participaran-en-abierto-mexicano-tenis","status":"publish","type":"post","link":"http:\/\/desarrollo.grupomedios.com\/futbol\/no-todo-es-futbol\/del-potro-djokovic-nadal-participaran-en-abierto-mexicano-tenis\/2017\/02","title":{"rendered":"Del Potro, Djokovic y Nadal, participar\u00e1n en Abierto Mexicano 2017"},"content":{"rendered":"<p>El serbio <strong>Novak Djokovic<\/strong>, n\u00famero dos del mundo, se unir\u00e1 al espa\u00f1ol Rafael Nadal (sexto) y al argentino Juan Mart\u00edn del Potro (42) en el cartel del Abierto Mexicano de Tenis 2017, un ATP 500 que se jugar\u00e1 en Acapulco del 27 de febrero al 4 de marzo.<\/p>\n<p>&#8220;<strong>Novak Djokovic<\/strong> va estar en Acapulco, es una gran noticia para el torneo, vamos a tener un gran cuadro de jugadores&#8221;, afirm\u00f3 el director del torneo, Ra\u00fal Zurutuza, mediante un v\u00eddeo en el perfil de Facebook del torneo. La llegada de Djokovic al torneo mexicano se dio a \u00faltima hora y mediante un &#8216;wild card&#8217; (invitaci\u00f3n), explic\u00f3 el dirigente.<\/p>\n<p><iframe loading=\"lazy\" style=\"border: none; overflow: hidden;\" src=\"https:\/\/www.facebook.com\/plugins\/post.php?href=https%3A%2F%2Fwww.facebook.com%2Fdjokovic.official%2Fposts%2F1399108506808663%3A0&amp;width=500\" frameborder=\"0\" scrolling=\"no\"><\/iframe><\/p>\n<p>Al comienzo de temporada, Djokovic se\u00f1al\u00f3 que iba a jugar menos torneos que el a\u00f1o anterior y aunque era un jugador frecuente en el Abierto de Dubai, tambi\u00e9n ATP 500, este a\u00f1o no lo incluy\u00f3 en su agenda. En cambio, estar\u00e1 en Acapulco antes de acudir al Masters 1000 de Indian Wells, primero de la temporada.<\/p>\n<p style=\"text-align: center;\"><span style=\"color: #3366ff;\"><a style=\"color: #3366ff;\" href=\"https:\/\/www.futboltotal.com.mx\/2017\/02\/listos-los-precios-gp-mexico-2017\/\" target=\"_blank\"><strong>LEER M\u00c1S: Anuncian los precios para el Gran Premio de M\u00e9xico de F\u00f3rmula 1 2017<\/strong><\/a><\/span><\/p>\n<p>Adem\u00e1s de Djokovic, Nadal y Del Potro, en la pista dura de Acapulco tambi\u00e9n estar\u00e1n el canadiense Milos Raonic (4), el croata Marin Cilic (7), el austr\u00edaco Dominic Thiem (8) y el belga David Goffin (10) con lo que seis de los diez primeros tenistas de la clasificaci\u00f3n mundial de la ATP competir\u00e1n en Acapulco.<\/p>\n<p>El 2017 no inici\u00f3 bien para el serbio de 29 a\u00f1os luego de que result\u00f3 eliminado en la segunda ronda de Abierto de Australia por el uzbeko Denis Istomin. Ser\u00e1 la primera vez que Djokovic, ganador de 12 t\u00edtulos de Grand Slam, juegue en Acapulco, donde todas las entradas est\u00e1n ya agotadas.<\/p>\n<p>El Abierto Mexicano de Tenis de Acapulco, que se celebra desde 1993, tendr\u00e1 una bolsa de premios de 1,63 millones de d\u00f3lares con 300.000 directos para el campe\u00f3n.<\/p>\n<p>S\u00edguenos en Twitter: <a href=\"https:\/\/twitter.com\/MXFutbolTotal\" target=\"_blank\">@MXFutbolTotal<\/a><\/p>\n","protected":false},"excerpt":{"rendered":"<p>Tres de los m\u00e1ximos exponentes del deporte, engalanan el cartel del torneo en Acapulco.<\/p>\n","protected":false},"author":144,"featured_media":463560,"comment_status":"closed","ping_status":"closed","sticky":false,"template":"","format":"standard","meta":[],"categories":[5418,6411],"tags":[5461],"_links":{"self":[{"href":"http:\/\/desarrollo.grupomedios.com\/futbol\/wp-json\/wp\/v2\/posts\/463559"}],"collection":[{"href":"http:\/\/desarrollo.grupomedios.com\/futbol\/wp-json\/wp\/v2\/posts"}],"about":[{"href":"http:\/\/desarrollo.grupomedios.com\/futbol\/wp-json\/wp\/v2\/types\/post"}],"author":[{"embeddable":true,"href":"http:\/\/desarrollo.grupomedios.com\/futbol\/wp-json\/wp\/v2\/users\/144"}],"replies":[{"embeddable":true,"href":"http:\/\/desarrollo.grupomedios.com\/futbol\/wp-json\/wp\/v2\/comments?post=463559"}],"version-history":[{"count":0,"href":"http:\/\/desarrollo.grupomedios.com\/futbol\/wp-json\/wp\/v2\/posts\/463559\/revisions"}],"wp:featuredmedia":[{"embeddable":true,"href":"http:\/\/desarrollo.grupomedios.com\/futbol\/wp-json\/wp\/v2\/media\/463560"}],"wp:attachment":[{"href":"http:\/\/desarrollo.grupomedios.com\/futbol\/wp-json\/wp\/v2\/media?parent=463559"}],"wp:term":[{"taxonomy":"category","embeddable":true,"href":"http:\/\/desarrollo.grupomedios.com\/futbol\/wp-json\/wp\/v2\/categories?post=463559"},{"taxonomy":"post_tag","embeddable":true,"href":"http:\/\/desarrollo.grupomedios.com\/futbol\/wp-json\/wp\/v2\/tags?post=463559"}],"curies":[{"name":"wp","href":"https:\/\/api.w.org\/{rel}","templated":true}]}}