{"id":463571,"date":"2017-02-23T20:44:44","date_gmt":"2017-02-24T02:44:44","guid":{"rendered":"https:\/\/www.futboltotal.com.mx\/?p=463571"},"modified":"2017-02-23T20:47:00","modified_gmt":"2017-02-24T02:47:00","slug":"shakira-mantiene-a-pique-divulgan-sueldo-la-cantante","status":"publish","type":"post","link":"http:\/\/desarrollo.grupomedios.com\/futbol\/cambio-de-juego\/shakira-mantiene-a-pique-divulgan-sueldo-la-cantante\/2017\/02","title":{"rendered":"\u00a1\u00bfShakira mantiene a Piqu\u00e9?! Divulgan sueldo de la cantante"},"content":{"rendered":"<p>El portal <em>Tu Salario<\/em>, dio a conocer el aparente sueldo de varias mujeres famosas, donde destac\u00f3 el de <strong>Shakira<\/strong>, quien entre giras, conciertos, ventas de discos, m\u00fasica digital, campa\u00f1as publicitarias, entre otras actividades, gana m\u00e1s 140 mil d\u00f3lares diarios; es decir, que mensualmente percibe m\u00e1s de 4 millones de d\u00f3lares.<\/p>\n<p>La cifra es importante, ya que con mes y medio, es capaz de igualar lo que su pareja, <strong>Gerard Piqu\u00e9<\/strong>, gana en apenas un a\u00f1o, pues el zaguero blaugrana gana cerca de 6 millones de d\u00f3lares en 12 meses. Cabe destacar, que del dinero que obtiene <strong>Shakira<\/strong>, destina 2.5 mdd a su fundaci\u00f3n <em>Pies Descalzos<\/em>.<\/p>\n<p><a href=\"https:\/\/www.futboltotal.com.mx\/wp-content\/uploads\/2017\/02\/sueldo-shakira.jpg\"><img decoding=\"async\" loading=\"lazy\" class=\"alignnone size-full wp-image-463576\" src=\"https:\/\/www.futboltotal.com.mx\/wp-content\/uploads\/2017\/02\/sueldo-shakira.jpg\" alt=\"\u00a1\u00bfShakira mantiene a Piqu\u00e9?! Divulgan sueldo de la cantante 0\" srcset=\"http:\/\/desarrollo.grupomedios.com\/futbol\/wp-content\/uploads\/2017\/02\/sueldo-shakira.jpg 1136w, http:\/\/desarrollo.grupomedios.com\/futbol\/wp-content\/uploads\/2017\/02\/sueldo-shakira-300x169.jpg 300w, http:\/\/desarrollo.grupomedios.com\/futbol\/wp-content\/uploads\/2017\/02\/sueldo-shakira-768x432.jpg 768w, http:\/\/desarrollo.grupomedios.com\/futbol\/wp-content\/uploads\/2017\/02\/sueldo-shakira-1024x576.jpg 1024w, http:\/\/desarrollo.grupomedios.com\/futbol\/wp-content\/uploads\/2017\/02\/sueldo-shakira-317x178.jpg 317w, http:\/\/desarrollo.grupomedios.com\/futbol\/wp-content\/uploads\/2017\/02\/sueldo-shakira-535x301.jpg 535w, http:\/\/desarrollo.grupomedios.com\/futbol\/wp-content\/uploads\/2017\/02\/sueldo-shakira-374x210.jpg 374w\" sizes=\"(max-width: 1136px) 100vw, 1136px\" \/><\/a><\/p>\n<p style=\"text-align: center;\"><span style=\"color: #3366ff;\"><a style=\"color: #3366ff;\" href=\"https:\/\/www.futboltotal.com.mx\/2017\/02\/los-policias-se-aprovechan-me-piden-mordida-jimena-sanchez\/\" target=\"_blank\"><strong>LEER M\u00c1S: Conductora de deportes, revela incidentes con oficiales de tr\u00e1nsito<\/strong><\/a><\/span><\/p>\n<p>Otro evento de <strong>Shakira<\/strong> relacionado medianamente con el futbol, es la boda de Lionel Messi, compa\u00f1ero de <strong>Gerard Piqu\u00e9<\/strong>, pues los medios espa\u00f1oles han dado por hecho, que la cantante no acudir\u00e1 a la ceremonia de matrimonio entre La Pulga y Antonella Rocuzzo, por las diferencias que tiene con la argentina.<\/p>\n<blockquote class=\"instagram-media\" style=\"background: #FFF; border: 0; border-radius: 3px; box-shadow: 0 0 1px 0 rgba(0,0,0,0.5),0 1px 10px 0 rgba(0,0,0,0.15); margin: 1px; max-width: 658px; padding: 0; width: calc(100% - 2px);\" data-instgrm-captioned=\"\" data-instgrm-version=\"7\">\n<div style=\"padding: 8px;\">\n<div style=\"background: #F8F8F8; line-height: 0; margin-top: 40px; padding: 28.10185185185185% 0; text-align: center; width: 100%;\"><\/div>\n<p style=\"margin: 8px 0 0 0; padding: 0 4px;\"><a style=\"color: #000; font-family: Arial,sans-serif; font-size: 14px; font-style: normal; font-weight: normal; line-height: 17px; text-decoration: none; word-wrap: break-word;\" href=\"https:\/\/www.instagram.com\/p\/BPs8W1NjNq_\/\" target=\"_blank\">Muy impresionada con sus movimientos bailando Chantaje,a ver si pueden hacer los m\u00edos!! You guys are really impressing me with your moves to Chantaje! Wonder if you can match mine\u2026 Shak<\/a><\/p>\n<p style=\"color: #c9c8cd; font-family: Arial,sans-serif; font-size: 14px; line-height: 17px; margin-bottom: 0; margin-top: 8px; overflow: hidden; padding: 8px 0 7px; text-align: center; text-overflow: ellipsis; white-space: nowrap;\">Una publicaci\u00f3n compartida de Shakira (@shakira) el <time style=\"font-family: Arial,sans-serif; font-size: 14px; line-height: 17px;\" datetime=\"2017-01-25T21:21:09+00:00\">25 de Ene de 2017 a la(s) 1:21 PST<\/time><\/p>\n<\/div>\n<\/blockquote>\n<p><script async defer src=\"\/\/platform.instagram.com\/en_US\/embeds.js\"><\/script><\/p>\n<p><strong>S\u00edguenos en Twitter<\/strong>: <a href=\"https:\/\/twitter.com\/MXFutbolTotal\" target=\"_blank\">@MXFutbolTotal<\/a><\/p>\n","protected":false},"excerpt":{"rendered":"<p>La colombiana gana una considerable suma por sus producciones musicales.<\/p>\n","protected":false},"author":20,"featured_media":463572,"comment_status":"closed","ping_status":"closed","sticky":false,"template":"","format":"standard","meta":[],"categories":[5419],"tags":[5460,6015,2005],"_links":{"self":[{"href":"http:\/\/desarrollo.grupomedios.com\/futbol\/wp-json\/wp\/v2\/posts\/463571"}],"collection":[{"href":"http:\/\/desarrollo.grupomedios.com\/futbol\/wp-json\/wp\/v2\/posts"}],"about":[{"href":"http:\/\/desarrollo.grupomedios.com\/futbol\/wp-json\/wp\/v2\/types\/post"}],"author":[{"embeddable":true,"href":"http:\/\/desarrollo.grupomedios.com\/futbol\/wp-json\/wp\/v2\/users\/20"}],"replies":[{"embeddable":true,"href":"http:\/\/desarrollo.grupomedios.com\/futbol\/wp-json\/wp\/v2\/comments?post=463571"}],"version-history":[{"count":0,"href":"http:\/\/desarrollo.grupomedios.com\/futbol\/wp-json\/wp\/v2\/posts\/463571\/revisions"}],"wp:featuredmedia":[{"embeddable":true,"href":"http:\/\/desarrollo.grupomedios.com\/futbol\/wp-json\/wp\/v2\/media\/463572"}],"wp:attachment":[{"href":"http:\/\/desarrollo.grupomedios.com\/futbol\/wp-json\/wp\/v2\/media?parent=463571"}],"wp:term":[{"taxonomy":"category","embeddable":true,"href":"http:\/\/desarrollo.grupomedios.com\/futbol\/wp-json\/wp\/v2\/categories?post=463571"},{"taxonomy":"post_tag","embeddable":true,"href":"http:\/\/desarrollo.grupomedios.com\/futbol\/wp-json\/wp\/v2\/tags?post=463571"}],"curies":[{"name":"wp","href":"https:\/\/api.w.org\/{rel}","templated":true}]}}