{"id":463608,"date":"2017-02-24T10:49:26","date_gmt":"2017-02-24T16:49:26","guid":{"rendered":"https:\/\/www.futboltotal.com.mx\/?p=463608"},"modified":"2017-02-24T10:49:26","modified_gmt":"2017-02-24T16:49:26","slug":"jose-mourinho-se-solidariza-claudio-ranieri","status":"publish","type":"post","link":"http:\/\/desarrollo.grupomedios.com\/futbol\/futbol-internacional\/jose-mourinho-se-solidariza-claudio-ranieri\/2017\/02","title":{"rendered":"Jos\u00e9 Mourinho se solidariza con Claudio Ranieri"},"content":{"rendered":"<p>Jos\u00e9 Mourinho, entrenador del Manchester United, se solidariz\u00f3 este viernes con <strong>Claudio Ranieri<\/strong>, destituido el jueves por la noche como t\u00e9cnico del Leicester, y dijo que el italiano &#8220;est\u00e1 pagando por su \u00e9xito&#8221;.<\/p>\n<p>Mourinho apareci\u00f3 este viernes en rueda de prensa con una chaqueta de entrenamiento del Manchester United con las iniciales <em>CR<\/em>, en honor a <strong>Claudio Ranieri<\/strong>, en lugar de las habituales <em>JM<\/em> (Jos\u00e9 Mourinho).<\/p>\n<blockquote class=\"twitter-tweet\" data-width=\"500\">\n<p lang=\"en\" dir=\"ltr\">Read more quotes from the manager in our live blog: <a href=\"https:\/\/t.co\/6828ehe8wx\">https:\/\/t.co\/6828ehe8wx<\/a> <a href=\"https:\/\/t.co\/JIsixxY7rC\">pic.twitter.com\/JIsixxY7rC<\/a><\/p>\n<p>&mdash; Manchester United (@ManUtd) <a href=\"https:\/\/twitter.com\/ManUtd\/status\/835131123504152576\">February 24, 2017<\/a><\/p><\/blockquote>\n<p><script async src=\"\/\/platform.twitter.com\/widgets.js\" charset=\"utf-8\"><\/script><\/p>\n<p style=\"text-align: center;\"><a href=\"https:\/\/www.futboltotal.com.mx\/2017\/02\/brexit-trump-ranieri-decisiones-raras-ultimamente-klopp\/\"><span style=\"color: #3366ff;\">LEER M\u00c1S:\u00a0Brexit, Trump, Ranieri, son decisiones raras \u00faltimamente: Klopp<\/span><\/a><\/p>\n<p style=\"text-align: left;\">&#8220;Las palabras en mi chaqueta con su nombre es mi peque\u00f1o homenaje a alguien que escribi\u00f3 la historia m\u00e1s bonita en la Premier League. Alguien que merecer\u00eda que el estadio del Leicester se llamara &#8216;<strong>Claudio Ranier<\/strong>i&#8217; y al que han echado&#8221;, afirm\u00f3 el t\u00e9cnico luso.<\/p>\n<p>&#8220;Creo que el Leicester ha entrado en la historia dos a\u00f1os seguidos: el primero porque consigui\u00f3 lo m\u00e1s bonito, gan\u00f3 la liga y escribi\u00f3 una de las historias m\u00e1s bonitas en la historia del futbol, y ahora al tomar una decisi\u00f3n que a todo el mundo de este deporte le cuesta aceptar&#8221;, apunt\u00f3.<\/p>\n<p>&#8220;Sin embargo, es bueno para todos que nos demos cuenta de c\u00f3mo es el futbol ahora. La temporada pasada, cuando me despidieron a m\u00ed tras haber sido campe\u00f3n, pens\u00e9 que era una noticia importante, pero ahora veo que no es absolutamente nada comparado con lo que le ha pasado a Claudio&#8221;, se\u00f1al\u00f3 Mourinho.<\/p>\n<p style=\"text-align: center;\"><a href=\"https:\/\/www.futboltotal.com.mx\/2017\/02\/impactante-cortada-sufrio-ex-del-inter\/\"><span style=\"color: #3366ff;\">LEER M\u00c1S:\u00a0Impactante cortada que sufri\u00f3 ex del Inter<\/span><\/a><\/p>\n<p>&#8220;No estoy dentro y no puedo opinar mucho, pero creo que es culpa de <strong>Claudio<\/strong>. Si hubiera terminado en duod\u00e9cima posici\u00f3n la temporada pasada todos hubieran dicho que es un logro incre\u00edble y ahora pensar\u00edan en evitar el descenso y todav\u00eda seguir\u00eda en el puesto&#8221;, a\u00f1adi\u00f3 el luso.<\/p>\n<p>&#8220;Est\u00e1 pagando por su propio \u00e9xito. Quiz\u00e1 la temporada empez\u00f3 con el ego\u00edsmo t\u00edpico de algunos jugadores: pensando en nuevos contratos, en irse, en ganar m\u00e1s dinero. Es un poco lo que pasa en nuestro mundo ahora&#8221;, concluy\u00f3 el t\u00e9cnico portugu\u00e9s.<\/p>\n<p><b>S\u00edguenos en <span id=\"m_-8382861371872289424goog_2054972132\"><\/span>Twitter <a href=\"https:\/\/twitter.com\/MXFutbolTotal\" target=\"_blank\" data-saferedirecturl=\"https:\/\/www.google.com\/url?hl=es&amp;q=https:\/\/twitter.com\/MXFutbolTotal&amp;source=gmail&amp;ust=1488036443395000&amp;usg=AFQjCNGYnOQbVlWCON61Bdwe7Lscil0Vrw\">@MXFutbolTotal<\/a><\/b><\/p>\n","protected":false},"excerpt":{"rendered":"<p>Sugiere que al estadio del Leicester se le llame como el t\u00e9cnico italiano.<\/p>\n","protected":false},"author":144,"featured_media":463618,"comment_status":"closed","ping_status":"closed","sticky":false,"template":"","format":"standard","meta":[],"categories":[3839,3846,5951],"tags":[5025,288,5993,43],"_links":{"self":[{"href":"http:\/\/desarrollo.grupomedios.com\/futbol\/wp-json\/wp\/v2\/posts\/463608"}],"collection":[{"href":"http:\/\/desarrollo.grupomedios.com\/futbol\/wp-json\/wp\/v2\/posts"}],"about":[{"href":"http:\/\/desarrollo.grupomedios.com\/futbol\/wp-json\/wp\/v2\/types\/post"}],"author":[{"embeddable":true,"href":"http:\/\/desarrollo.grupomedios.com\/futbol\/wp-json\/wp\/v2\/users\/144"}],"replies":[{"embeddable":true,"href":"http:\/\/desarrollo.grupomedios.com\/futbol\/wp-json\/wp\/v2\/comments?post=463608"}],"version-history":[{"count":0,"href":"http:\/\/desarrollo.grupomedios.com\/futbol\/wp-json\/wp\/v2\/posts\/463608\/revisions"}],"wp:featuredmedia":[{"embeddable":true,"href":"http:\/\/desarrollo.grupomedios.com\/futbol\/wp-json\/wp\/v2\/media\/463618"}],"wp:attachment":[{"href":"http:\/\/desarrollo.grupomedios.com\/futbol\/wp-json\/wp\/v2\/media?parent=463608"}],"wp:term":[{"taxonomy":"category","embeddable":true,"href":"http:\/\/desarrollo.grupomedios.com\/futbol\/wp-json\/wp\/v2\/categories?post=463608"},{"taxonomy":"post_tag","embeddable":true,"href":"http:\/\/desarrollo.grupomedios.com\/futbol\/wp-json\/wp\/v2\/tags?post=463608"}],"curies":[{"name":"wp","href":"https:\/\/api.w.org\/{rel}","templated":true}]}}