{"id":463617,"date":"2017-02-24T11:07:32","date_gmt":"2017-02-24T17:07:32","guid":{"rendered":"https:\/\/www.futboltotal.com.mx\/?p=463617"},"modified":"2017-02-24T13:26:26","modified_gmt":"2017-02-24T19:26:26","slug":"higuera-niega-televisa-sea-enemeigo-chivas","status":"publish","type":"post","link":"http:\/\/desarrollo.grupomedios.com\/futbol\/futbol-mexicano\/higuera-niega-televisa-sea-enemeigo-chivas\/2017\/02","title":{"rendered":"Higuera niega que Televisa sea enemigo de Chivas"},"content":{"rendered":"<p>Mientras el Presidente de Univisi\u00f3n,Juan Carlos Rodr\u00edguez, aseguraba que la funci\u00f3n de la televisora era que la plataforma de Chivas TV no funcionara, el CEO de Grupo Chivas-Omnilife, Jos\u00e9 Luis Higuera, tom\u00f3 de buena forma las declaraciones y asegur\u00f3 que no tuvieron otra opci\u00f3n mas que renovar con la cadena.<\/p>\n<p>&#8220;Renovamos y bueno, ni hablar, hay que cumplir los contratos y as\u00ed tuvo que ser. Hab\u00eda una situaci\u00f3n que poco pod\u00edamos hacer&#8221;, coment\u00f3.<\/p>\n<p>Pese a que tendr\u00e1n hasta 2019 con la televisora que se transmite en Estados Unidos, Higuera no descart\u00f3 que Chivas TV comience a ganar terreno en territorio norteamericano, y asegur\u00f3 que no est\u00e1n peleados con ninguna cadena.<\/p>\n<blockquote><p>&#8220;De lo mejor que me ha dejado la industria del futbol es Juan Carlos, es un tipazo y es al rev\u00e9s, \u00e9l tambi\u00e9n est\u00e1 capitalizando mucha informaci\u00f3n que compartimos y es una empresa muy grande, una empresa que ahora estamos trabajando para ver si ellos entran en nuestro modelo de Chivas TV. Nosotros no tenemos enemigos, ni Televisa, ni Univisi\u00f3n, ni Fox&#8221;, asegur\u00f3.<\/p><\/blockquote>\n<p>Higuera tambi\u00e9n explic\u00f3 que tomar\u00e1n m\u00e1s control sobre el contenido pirateado en las redes sociales, pues varias p\u00e1ginas de Facebook se encargan de retransmitir los partidos que provienen de la se\u00f1al de Univisi\u00f3n.<\/p>\n<p style=\"text-align: center;\"><span style=\"color: #3366ff;\"><a style=\"color: #3366ff;\" href=\"https:\/\/www.futboltotal.com.mx\/2017\/02\/jugadores-vistieron-la-camiseta-america-cruz-azul\/\">LEER M\u00c1S: Jugadores que vistieron la camiseta de Am\u00e9rica y Cruz Azul<\/a><\/span><\/p>\n<p>Adem\u00e1s, el CEO habl\u00f3 sobre el problema que tuvo CHIVAS TV en el partido ante Boca Juniors, pues acept\u00f3 que no se consideraba una gran demanda por parte de los aficionados de Boca.<\/p>\n<p>\u201cLa demanda de Argentina pensamos que iba a ser m\u00ednima. Boca, de veras, se sorprendi\u00f3\u201d, agreg\u00f3. \u201cPensamos que no iba a ser tanta demanda y la tecnolog\u00eda es binaria, le fallas en tantito y se cae todo. Fue una falta de atenci\u00f3n de nuestra parte\u201d.<\/p>\n","protected":false},"excerpt":{"rendered":"<p>El CEO neg\u00f3 alg\u00fan problema con las televisoras.<\/p>\n","protected":false},"author":20,"featured_media":447838,"comment_status":"closed","ping_status":"closed","sticky":false,"template":"","format":"standard","meta":[],"categories":[2198,3845],"tags":[7110],"_links":{"self":[{"href":"http:\/\/desarrollo.grupomedios.com\/futbol\/wp-json\/wp\/v2\/posts\/463617"}],"collection":[{"href":"http:\/\/desarrollo.grupomedios.com\/futbol\/wp-json\/wp\/v2\/posts"}],"about":[{"href":"http:\/\/desarrollo.grupomedios.com\/futbol\/wp-json\/wp\/v2\/types\/post"}],"author":[{"embeddable":true,"href":"http:\/\/desarrollo.grupomedios.com\/futbol\/wp-json\/wp\/v2\/users\/20"}],"replies":[{"embeddable":true,"href":"http:\/\/desarrollo.grupomedios.com\/futbol\/wp-json\/wp\/v2\/comments?post=463617"}],"version-history":[{"count":0,"href":"http:\/\/desarrollo.grupomedios.com\/futbol\/wp-json\/wp\/v2\/posts\/463617\/revisions"}],"wp:featuredmedia":[{"embeddable":true,"href":"http:\/\/desarrollo.grupomedios.com\/futbol\/wp-json\/wp\/v2\/media\/447838"}],"wp:attachment":[{"href":"http:\/\/desarrollo.grupomedios.com\/futbol\/wp-json\/wp\/v2\/media?parent=463617"}],"wp:term":[{"taxonomy":"category","embeddable":true,"href":"http:\/\/desarrollo.grupomedios.com\/futbol\/wp-json\/wp\/v2\/categories?post=463617"},{"taxonomy":"post_tag","embeddable":true,"href":"http:\/\/desarrollo.grupomedios.com\/futbol\/wp-json\/wp\/v2\/tags?post=463617"}],"curies":[{"name":"wp","href":"https:\/\/api.w.org\/{rel}","templated":true}]}}