{"id":463622,"date":"2017-02-24T11:37:57","date_gmt":"2017-02-24T17:37:57","guid":{"rendered":"https:\/\/www.futboltotal.com.mx\/?p=463622"},"modified":"2017-02-24T11:37:57","modified_gmt":"2017-02-24T17:37:57","slug":"gareth-bale-podria-reintegrar-de-inicio-a-la-bbc-ante-el-villarreal","status":"publish","type":"post","link":"http:\/\/desarrollo.grupomedios.com\/futbol\/futbol-internacional\/gareth-bale-podria-reintegrar-de-inicio-a-la-bbc-ante-el-villarreal\/2017\/02","title":{"rendered":"La BBC podr\u00eda reintegrarse de inicio ante Villarreal"},"content":{"rendered":"<p><strong>Gareth Bale<\/strong> ya est\u00e1 listo para jugar de inicio ante el Villarreal. Tras superar una lesi\u00f3n en el tobillo que lo alej\u00f3 de las canchas durante ocho jornadas, el extremo gal\u00e9s ya disput\u00f3 algunos minutos ante Espanyol y Valencia.<\/p>\n<p>https:\/\/twitter.com\/realmadrid\/status\/835119592330579968<\/p>\n<p style=\"text-align: center;\"><a href=\"https:\/\/www.futboltotal.com.mx\/2017\/02\/villarreal-dos-santos-eliminados-europa-league\/\"><span style=\"color: #3366ff;\">LEER M\u00c1S:\u00a0Villarreal y Dos Santos, eliminados de Europa League<\/span><\/a><\/p>\n<p>El t\u00e9cnico del Real Madrid, Zinedine Zidane, y el preparador f\u00edsico, Antonio Pintus elaboraron una especie de minipretemporada para el gal\u00e9s para regresarlo paulatinamente a su forma \u00f3ptima. De esta forma, <strong>Gareth Bale<\/strong> jug\u00f3 19 minutos ante los <em>Periquitos<\/em>, mientras que con los <em>Naranjeros<\/em> su tiempo ascendi\u00f3 a 30 minutos, juego en el que se integr\u00f3 a Cristiano Ronaldo y Benzema, quienes arrancaron el partido.<\/p>\n<p>No obstante, la internacionalmente conocida como BBC no inicia un partido desde el 2 de noviembre de 2016 cuando los <em>merengues<\/em> empataron 3-3 ante el Legia de Varsovia en la fase de grupos de la <em>Champions League<\/em>.<\/p>\n<p style=\"text-align: center;\"><a href=\"https:\/\/www.futboltotal.com.mx\/2017\/02\/historia-keylor-navas-llegara-a-la-pantalla-grande\/\"><span style=\"color: #3366ff;\">LEER M\u00c1S:\u00a0Historia de Keylor Navas llegar\u00e1 a la pantalla grande<\/span><\/a><\/p>\n<p>Este viernes Gareth entren\u00f3 con normalidad con el resto de sus compa\u00f1eros (salvo el lesionado Raphael Varane), bajo las \u00f3rdenes de Zinedine Zidane, por lo que podr\u00eda arrancar el juego de este este domingo en el Madrigal ante el equipo del mexicano Jonathan dos Santos, de ser as\u00ed, se unir\u00eda a los titulares Cristiano Ronaldo y Karim Benzema para reintegrar desde al arranque del cotejo a la BBC.<\/p>\n<p><b>S\u00edguenos en <span id=\"m_-8382861371872289424goog_2054972132\"><\/span>Twitter <a href=\"https:\/\/twitter.com\/MXFutbolTotal\" target=\"_blank\" data-saferedirecturl=\"https:\/\/www.google.com\/url?hl=es&amp;q=https:\/\/twitter.com\/MXFutbolTotal&amp;source=gmail&amp;ust=1488036443395000&amp;usg=AFQjCNGYnOQbVlWCON61Bdwe7Lscil0Vrw\">@MXFutbolTotal<\/a><\/b><\/p>\n<p>&nbsp;<\/p>\n","protected":false},"excerpt":{"rendered":"<p>El tr\u00edo no arranca un partido desde el pasado 2 de noviembre de 2016.<\/p>\n","protected":false},"author":20,"featured_media":463625,"comment_status":"closed","ping_status":"closed","sticky":false,"template":"","format":"standard","meta":[],"categories":[3839,3844],"tags":[6043,5988,2607],"_links":{"self":[{"href":"http:\/\/desarrollo.grupomedios.com\/futbol\/wp-json\/wp\/v2\/posts\/463622"}],"collection":[{"href":"http:\/\/desarrollo.grupomedios.com\/futbol\/wp-json\/wp\/v2\/posts"}],"about":[{"href":"http:\/\/desarrollo.grupomedios.com\/futbol\/wp-json\/wp\/v2\/types\/post"}],"author":[{"embeddable":true,"href":"http:\/\/desarrollo.grupomedios.com\/futbol\/wp-json\/wp\/v2\/users\/20"}],"replies":[{"embeddable":true,"href":"http:\/\/desarrollo.grupomedios.com\/futbol\/wp-json\/wp\/v2\/comments?post=463622"}],"version-history":[{"count":0,"href":"http:\/\/desarrollo.grupomedios.com\/futbol\/wp-json\/wp\/v2\/posts\/463622\/revisions"}],"wp:featuredmedia":[{"embeddable":true,"href":"http:\/\/desarrollo.grupomedios.com\/futbol\/wp-json\/wp\/v2\/media\/463625"}],"wp:attachment":[{"href":"http:\/\/desarrollo.grupomedios.com\/futbol\/wp-json\/wp\/v2\/media?parent=463622"}],"wp:term":[{"taxonomy":"category","embeddable":true,"href":"http:\/\/desarrollo.grupomedios.com\/futbol\/wp-json\/wp\/v2\/categories?post=463622"},{"taxonomy":"post_tag","embeddable":true,"href":"http:\/\/desarrollo.grupomedios.com\/futbol\/wp-json\/wp\/v2\/tags?post=463622"}],"curies":[{"name":"wp","href":"https:\/\/api.w.org\/{rel}","templated":true}]}}