{"id":463634,"date":"2017-02-24T12:24:39","date_gmt":"2017-02-24T18:24:39","guid":{"rendered":"https:\/\/www.futboltotal.com.mx\/?p=463634"},"modified":"2017-02-24T12:31:30","modified_gmt":"2017-02-24T18:31:30","slug":"claudio-ranieri-da-fin-al-cuento-de-hadas-con-emotivo-comunicado","status":"publish","type":"post","link":"http:\/\/desarrollo.grupomedios.com\/futbol\/futbol-internacional\/claudio-ranieri-da-fin-al-cuento-de-hadas-con-emotivo-comunicado\/2017\/02","title":{"rendered":"Ranieri da fin al cuento de hadas con emotivo comunicado"},"content":{"rendered":"<p>El italiano <strong>Claudio Ranieri<\/strong>, el entrenador que gui\u00f3 al modesto Leicester City al t\u00edtulo de la <em>Premier League<\/em>, ha emitido este viernes, 24 horas despu\u00e9s de haber sido destituido del club ingl\u00e9s, un emotivo comunicado en el que asegura que ayer &#8220;muri\u00f3&#8221; su sue\u00f1o.<\/p>\n<p>&#8220;Despu\u00e9s de la euforia de la pasada temporada y de ser coronados campeones, lo \u00fanico que so\u00f1\u00e9 era en quedarme para siempre en el Leicester City, el club que amo&#8221;, dijo el preparador transalpino en la misiva.<\/p>\n<p style=\"text-align: center;\"><a href=\"https:\/\/www.futboltotal.com.mx\/2017\/02\/jose-mourinho-se-solidariza-claudio-ranieri\/\"><span style=\"color: #3366ff;\">LEER M\u00c1S:\u00a0Jos\u00e9 Mourinho se solidariza con Claudio Ranieri<\/span><\/a><\/p>\n<p>&#8220;Lamentablemente, las cosas no se han dado as\u00ed&#8221;, a\u00f1adi\u00f3.<\/p>\n<p><strong>Ranieri<\/strong>, que lleg\u00f3 al banquillo de los <em>Foxes<\/em> en julio de 2015 como reemplazo de Nigel Pearson, logr\u00f3 lo impensable y se coron\u00f3 campe\u00f3n de la <em>Premier League<\/em> en su primer curso con un equipo que se hab\u00eda salvado milagrosamente del descenso unos meses antes.<\/p>\n<p>&#8220;Quiero darle las gracias a mi mujer, Rosanna, y a toda mi familia por todo su apoyo durante mi tiempo en el Leicester. Tambi\u00e9n gracias a Paolo y Andrea, quienes me acompa\u00f1aron en este viaje incre\u00edble, y a Steve Kutner y Franco Granello por darme la oportunidad de ser un campe\u00f3n&#8221;, se\u00f1al\u00f3.<\/p>\n<p>&#8220;Sobre todo, tengo que darle las gracias al Leicester City Football Club. La aventura fue incre\u00edble y vivir\u00e1 conmigo para siempre. Estoy tambi\u00e9n muy agradecido a los periodistas y a los medios de comunicaci\u00f3n que estuvieron con nosotros y contaron la historia m\u00e1s bonita que ha habido en el futbol&#8221;, a\u00f1adi\u00f3 en la nota.<\/p>\n<p style=\"text-align: center;\"><a href=\"https:\/\/www.futboltotal.com.mx\/2017\/02\/brexit-trump-ranieri-decisiones-raras-ultimamente-klopp\/\"><span style=\"color: #3366ff;\">LEER M\u00c1S:\u00a0Brexit, Trump, Ranieri, son decisiones raras \u00faltimamente: Klopp<\/span><\/a><\/p>\n<p>&#8220;Mi coraz\u00f3n est\u00e1 con todos en el club, con todos los jugadores y el cuerpo t\u00e9cnico, con todos los que estuvieron ah\u00ed y formaron parte de lo que logramos&#8221;, asever\u00f3.<\/p>\n<p>&#8220;Pero, sobre todo, con los aficionados. Me abrieron la puerta de su coraz\u00f3n desde el primer d\u00eda y me amaron. Yo tambi\u00e9n los amo y nadie nos puede quitar lo que conseguimos juntos. Espero que piensen en eso y sonr\u00edan, como yo siempre lo har\u00e9. Fue una \u00e9poca de felicidad que nunca olvidar\u00e9. Fue un placer y un honor ser campe\u00f3n con todos ustedes&#8221;, sentenci\u00f3 <strong>Claudio Ranieri<\/strong>.<\/p>\n<p><b>S\u00edguenos en <span id=\"m_-8382861371872289424goog_2054972132\"><\/span>Twitter <a href=\"https:\/\/twitter.com\/MXFutbolTotal\" target=\"_blank\" data-saferedirecturl=\"https:\/\/www.google.com\/url?hl=es&amp;q=https:\/\/twitter.com\/MXFutbolTotal&amp;source=gmail&amp;ust=1488036443395000&amp;usg=AFQjCNGYnOQbVlWCON61Bdwe7Lscil0Vrw\">@MXFutbolTotal<\/a><\/b><\/p>\n","protected":false},"excerpt":{"rendered":"<p>El t\u00e9cnico italiano asegura que ayer muri\u00f3 su sue\u00f1o.<\/p>\n","protected":false},"author":144,"featured_media":463637,"comment_status":"closed","ping_status":"closed","sticky":false,"template":"","format":"standard","meta":[],"categories":[3839,3846,5951],"tags":[5025,775],"_links":{"self":[{"href":"http:\/\/desarrollo.grupomedios.com\/futbol\/wp-json\/wp\/v2\/posts\/463634"}],"collection":[{"href":"http:\/\/desarrollo.grupomedios.com\/futbol\/wp-json\/wp\/v2\/posts"}],"about":[{"href":"http:\/\/desarrollo.grupomedios.com\/futbol\/wp-json\/wp\/v2\/types\/post"}],"author":[{"embeddable":true,"href":"http:\/\/desarrollo.grupomedios.com\/futbol\/wp-json\/wp\/v2\/users\/144"}],"replies":[{"embeddable":true,"href":"http:\/\/desarrollo.grupomedios.com\/futbol\/wp-json\/wp\/v2\/comments?post=463634"}],"version-history":[{"count":0,"href":"http:\/\/desarrollo.grupomedios.com\/futbol\/wp-json\/wp\/v2\/posts\/463634\/revisions"}],"wp:featuredmedia":[{"embeddable":true,"href":"http:\/\/desarrollo.grupomedios.com\/futbol\/wp-json\/wp\/v2\/media\/463637"}],"wp:attachment":[{"href":"http:\/\/desarrollo.grupomedios.com\/futbol\/wp-json\/wp\/v2\/media?parent=463634"}],"wp:term":[{"taxonomy":"category","embeddable":true,"href":"http:\/\/desarrollo.grupomedios.com\/futbol\/wp-json\/wp\/v2\/categories?post=463634"},{"taxonomy":"post_tag","embeddable":true,"href":"http:\/\/desarrollo.grupomedios.com\/futbol\/wp-json\/wp\/v2\/tags?post=463634"}],"curies":[{"name":"wp","href":"https:\/\/api.w.org\/{rel}","templated":true}]}}