{"id":463667,"date":"2017-02-24T15:13:36","date_gmt":"2017-02-24T21:13:36","guid":{"rendered":"https:\/\/www.futboltotal.com.mx\/?p=463667"},"modified":"2017-02-24T15:13:36","modified_gmt":"2017-02-24T21:13:36","slug":"los-increibles-goles-del-futbol-amateur-copa-90","status":"publish","type":"post","link":"http:\/\/desarrollo.grupomedios.com\/futbol\/videos\/los-increibles-goles-del-futbol-amateur-copa-90\/2017\/02","title":{"rendered":"Los incre\u00edbles goles del futbol amateur | Copa 90"},"content":{"rendered":"<p>Como es costumbre en <strong>Futbol Total<\/strong> y <strong>Copa 90<\/strong>, compartimos las mejores anotaciones anotados fuera de las canchas profesionales, que tienen igual o hasta mejor calidad que los que puedes ver en Primera Divisi\u00f3n. Si haz hecho un gol as\u00ed, seguramente estar\u00e1s orgulloso de tus capacidades; \u00bfqu\u00e9 te parecen estos golazos <em>crack<\/em>, te atreves a superarlos?<\/p>\n<p style=\"text-align: center;\"><span style=\"color: #3366ff;\"><a style=\"color: #3366ff;\" href=\"https:\/\/www.futboltotal.com.mx\/2017\/02\/aficionada-cruz-azul-posa-en-revista-caballeros\/\" target=\"_blank\"><strong>LEER M\u00c1S: Bella aficionada de Cruz Azul, en portada de revista para caballeros<\/strong><\/a><\/span><\/p>\n<p>[video_player]https:\/\/player.vimeo.com\/external\/205606128.hd.mp4?s=86cadeee0b0cd2540c6cfd2c349930847b8bdd39&amp;profile_id=174|wide[\/video_player]<\/p>\n<p><strong>S\u00edguenos en Twitter:<\/strong> <a href=\"https:\/\/twitter.com\/MXFutbolTotal\" target=\"_blank\">@MXFutbolTotal<\/a><\/p>\n<p style=\"text-align: center;\"><a href=\"https:\/\/copa90.com\/\">Video cortes\u00eda de Copa 90<\/a> | <a href=\"https:\/\/twitter.com\/Copa90\">Twitter de Copa 90<\/a> | <a href=\"https:\/\/www.facebook.com\/copa90\/\" target=\"_blank\">Facebook<\/a><\/p>\n","protected":false},"excerpt":{"rendered":"<p>Disfruta de estas joyas de las canchas semi-profesionales e intenta emularlas.<\/p>\n","protected":false},"author":20,"featured_media":463670,"comment_status":"closed","ping_status":"closed","sticky":false,"template":"","format":"standard","meta":[],"categories":[3839,4,6433],"tags":[7444],"_links":{"self":[{"href":"http:\/\/desarrollo.grupomedios.com\/futbol\/wp-json\/wp\/v2\/posts\/463667"}],"collection":[{"href":"http:\/\/desarrollo.grupomedios.com\/futbol\/wp-json\/wp\/v2\/posts"}],"about":[{"href":"http:\/\/desarrollo.grupomedios.com\/futbol\/wp-json\/wp\/v2\/types\/post"}],"author":[{"embeddable":true,"href":"http:\/\/desarrollo.grupomedios.com\/futbol\/wp-json\/wp\/v2\/users\/20"}],"replies":[{"embeddable":true,"href":"http:\/\/desarrollo.grupomedios.com\/futbol\/wp-json\/wp\/v2\/comments?post=463667"}],"version-history":[{"count":0,"href":"http:\/\/desarrollo.grupomedios.com\/futbol\/wp-json\/wp\/v2\/posts\/463667\/revisions"}],"wp:featuredmedia":[{"embeddable":true,"href":"http:\/\/desarrollo.grupomedios.com\/futbol\/wp-json\/wp\/v2\/media\/463670"}],"wp:attachment":[{"href":"http:\/\/desarrollo.grupomedios.com\/futbol\/wp-json\/wp\/v2\/media?parent=463667"}],"wp:term":[{"taxonomy":"category","embeddable":true,"href":"http:\/\/desarrollo.grupomedios.com\/futbol\/wp-json\/wp\/v2\/categories?post=463667"},{"taxonomy":"post_tag","embeddable":true,"href":"http:\/\/desarrollo.grupomedios.com\/futbol\/wp-json\/wp\/v2\/tags?post=463667"}],"curies":[{"name":"wp","href":"https:\/\/api.w.org\/{rel}","templated":true}]}}