{"id":463691,"date":"2017-02-25T08:32:08","date_gmt":"2017-02-25T14:32:08","guid":{"rendered":"https:\/\/www.futboltotal.com.mx\/?p=463691"},"modified":"2017-02-25T10:43:03","modified_gmt":"2017-02-25T16:43:03","slug":"en-vivo-bayer-leverkusen-vs-mainz-bundesliga","status":"publish","type":"post","link":"http:\/\/desarrollo.grupomedios.com\/futbol\/futbol-internacional\/en-vivo-bayer-leverkusen-vs-mainz-bundesliga\/2017\/02","title":{"rendered":"AS\u00cd SE VIVI\u00d3  | Leverkusen 0-2 Mainz | Bundesliga"},"content":{"rendered":"<p><span style=\"color: #ff0000;\">90:00 |<\/span> \u00a1Termina el partido! El Leverkusen cae 0-2 con el Mainz en la fecha 22 de la Bundesliga.<\/p>\n<p><span style=\"color: #ff0000;\">89:00 |<\/span> \u00daltima oportunidad para Leverkusen y el bal\u00f3n va hacia afuera.<\/p>\n<p><span style=\"color: #ff0000;\">84:00 |<\/span> \u00a1Se salva el Leverkusen! C\u00f3rdoba remata y Leno ataja.<\/p>\n<p><span style=\"color: #ff0000;\">78:00 |<\/span> \u00a0Ni Chicharito, Volland, Bellarabo y Kiessling han generado peligro.<\/p>\n<p><span style=\"color: #ff0000;\">72:00 |<\/span>Los locales intentan generar con balones al \u00e1rea pero no \u00a0lucen peligrosos.<\/p>\n<p><span style=\"color: #ff0000;\">65:00 |<\/span> Entra Juli\u00e1n Brandt con el Leverkusen<\/p>\n<p><span style=\"color: #ff0000;\">59:00 |<\/span> \u00a1CERCA KIESSLING! Su remate de cabeza fue a un lafo del poste.<\/p>\n<p><span style=\"color: #ff0000;\">55:00 \u00a0|<\/span> El Mainz le cierra los espacios al Leverkusen y espera al contragolpe.<\/p>\n<p><span style=\"color: #ff0000;\">50:00 |<\/span> Entra kiessling con Bayer\u00a0Leverkusen. Los locales van por el descuento.<\/p>\n<p><span style=\"color: #ff0000;\">45:01 |<\/span> Inicia la parte complementaria en el Bay Arena<\/p>\n<p><span style=\"color: #ff0000;\">45:00 |<\/span> \u00a1Termina la primera mitad! El Mainz madrug\u00f3 al Leverkusen y gana 0-2.<\/p>\n<p><span style=\"color: #ff0000;\">42:00 |<\/span> El Bayer presiona pero la defensa del Mainz se encuentra bien ubicada en la parte defensiva.<\/p>\n<p><span style=\"color: #ff0000;\">39:00 |<\/span> El Mainz vuelve a tomar control del partido y luce m\u00e1s peligroso. C\u00f3rdoba y de Blasis vuelven locos a la central del Leverkusen.<\/p>\n<p><span style=\"color: #ff0000;\">35:00 |<\/span> Ataja Leno. C\u00f3rdoba utiliza un taconazo como recurso el alem\u00e1n saca el bal\u00f3n de la l\u00ednea.<\/p>\n<p><span style=\"color: #ff0000;\">34:00 |<\/span> \u00a1Cerca el Bayer! Chicharito baja el bal\u00f3n a Hevertz y el alem\u00e1n dispara por encima del arco del Mainz.<\/p>\n<p><span style=\"color: #ff0000;\">32: 00 |<\/span> Havertz desperdicia la oportunidad y manda su disparo a la barrera.<\/p>\n<p><span style=\"color: #ff0000;\">30:00 |<\/span> Falta para Leverkusen cerca del \u00e1rea.<\/p>\n<p><span style=\"color: #ff0000;\">25:00 |<\/span> El Mainz adelanta l\u00edneas y empieza a detener al Leverkusen antes de que crucen medio campo.<\/p>\n<p><span style=\"color: #ff0000;\">22:00 |<\/span> John C\u00f3rdoba se est\u00e1 convirtiendo en un peligro para la defensa de\u00a0<em>las aspirinas.<\/em> El colombiano ha driblado y con complicaciones le han sacado la pelota.<\/p>\n<p><span style=\"color: #ff0000;\">19:00 |<\/span> As\u00ed el porcentaje de posesi\u00f3n de bal\u00f3n de hace unos minutos.<\/p>\n<blockquote class=\"twitter-tweet\" data-lang=\"es\">\n<p dir=\"ltr\" lang=\"es\">15&#8242; Posesi\u00f3n del bal\u00f3n hasta el momento:<a href=\"https:\/\/twitter.com\/hashtag\/Bayer04?src=hash\">#Bayer04<\/a> 58% &#8211; 42% <a href=\"https:\/\/twitter.com\/mainz05_es\">@mainz05_es<\/a> <a href=\"https:\/\/twitter.com\/hashtag\/B04M05?src=hash\">#B04M05<\/a><\/p>\n<p>\u2014 Bayer 04 Leverkusen (@bayer04_es) <a href=\"https:\/\/twitter.com\/bayer04_es\/status\/835501509056073728\">25 de febrero de 2017<\/a><\/p><\/blockquote>\n<p><script async src=\"\/\/platform.twitter.com\/widgets.js\" charset=\"utf-8\"><\/script><\/p>\n<p><span style=\"color: #ff0000;\">16:00 |<\/span> El Leverkusen comienza a tomar la posesi\u00f3n del bal\u00f3n en busca de descontar.<\/p>\n<p><span style=\"color: #ff0000;\">13:00 |<\/span> Se salva el Mainz. Doble cabezazo en el \u00e1rea que termina por sacar el central del Mainz en la l\u00ednea.<\/p>\n<p><span style=\"color: #ff0000;\">10:00 |<\/span> \u00a1GOOOOOOOOOL DEL MAINZ! Oztunalli cobra un bal\u00f3n parado y nadie toca el bal\u00f3n ante la vista de Leno.<\/p>\n<p><span style=\"color: #ff0000;\">9:00 |<\/span> Tarjeta amarilla para Lars Bender del Leverkusen.<\/p>\n<p><span style=\"color: #ff0000;\">5:00 |<\/span> Cerca otra vez el Mainz, Los visitantes salieron con todo al campo del Leverkusen.<\/p>\n<p><span style=\"color: #ff0000;\">3:00 |<\/span> \u00a1GOOOOOOOOOL DEL MAINZ! Bell aprovecha un remate de cabeza y abre el marcador.<\/p>\n<p><span style=\"color: #ff0000;\">1:00 |<\/span> \u00a1Cerca el Mainz! Cordoba entra solo y mete tiro cruzado que Bernd Leno manda a tiro de esquina.<\/p>\n<p><span style=\"color: #ff0000;\">0:01<\/span> | \u00a1Arranca el partido!<\/p>\n<p>| Estos son los 11 del Mainz en el BayArena<\/p>\n<blockquote class=\"twitter-tweet\" data-lang=\"es\">\n<p dir=\"ltr\" lang=\"es\">\u00a1Este es el con el que arrancamos ante el <a href=\"https:\/\/twitter.com\/bayer04_es\">@bayer04_es<\/a>!<\/p>\n<p>\u00a1Vamooos <a href=\"https:\/\/twitter.com\/hashtag\/Mainz05?src=hash\">#Mainz05<\/a>! &#x1f4aa; <a href=\"https:\/\/twitter.com\/hashtag\/B04M05?src=hash\">#B04M05<\/a> &#x1f534; <a href=\"https:\/\/t.co\/gwKbcAYmUb\">pic.twitter.com\/gwKbcAYmUb<\/a><\/p>\n<p>\u2014 Mainz 05 Espa\u00f1ol (@mainz05_es) <a href=\"https:\/\/twitter.com\/mainz05_es\/status\/835483511347900416\">25 de febrero de 2017<\/a><\/p><\/blockquote>\n<p><script async src=\"\/\/platform.twitter.com\/widgets.js\" charset=\"utf-8\"><\/script><\/p>\n<p>| As\u00ed sale el Leverkusen<\/p>\n<p>| El mexicano Javier Hern\u00e1ndez ser\u00e1 titular para el partido de la Jornada 22 de la Bundesliga.<\/p>\n<blockquote class=\"twitter-tweet\" data-lang=\"es\">\n<p dir=\"ltr\" lang=\"es\">\u00a1As\u00ed saldremos al campo de juego!<\/p>\n<p>\u00a1Nuestra alineaci\u00f3n titular! &#x1f455;&#x1f534;<a href=\"https:\/\/twitter.com\/hashtag\/B04M05?src=hash\">#B04M05<\/a> <a href=\"https:\/\/t.co\/emivHtWyX5\">pic.twitter.com\/emivHtWyX5<\/a><\/p>\n<p>\u2014 Bayer 04 Leverkusen (@bayer04_es) <a href=\"https:\/\/twitter.com\/bayer04_es\/status\/835482852452028416\">25 de febrero de 2017<\/a><\/p><\/blockquote>\n<p><script async src=\"\/\/platform.twitter.com\/widgets.js\" charset=\"utf-8\"><\/script><\/p>\n<p>| Bienvenidos a nuestro minuto a minuto entre Bayer Leverkusen y Mainz.<\/p>\n<p>Javier \u201cChicharito\u201d Hern\u00e1ndez y el Bayer 04 Leverkusen reciben este s\u00e1bado al FSV Mainz 05 de Bojan, C\u00f3rdoba y De Blasis, en un duelo que promete muchas emociones y, atendiendo a la estad\u00edstica, goles seguros del mexicano.<\/p>\n<p>El mexicano buscar\u00e1 seguir con su racha goleadora, pues en los \u00faltimos 6 partidos ha marcado cinco goles y ahora se enfrentar\u00e1 a Los Carnavaleros, equipo contra el que se estren\u00f3 como anotador en el 2015 y al que despu\u00e9s le marc\u00f3 un triplete en la presente campa\u00f1a, por lo que es el club al que m\u00e1s veces le ha marcado en el futbol alem\u00e1n.<\/p>\n<p>El Leverkusen buscar\u00e1 conseguir su tercer partido ganado consecutivo y seguir escalando posiciones desde la octava posici\u00f3n en la Bundesliga. Por su parte, el Mainz se mantinene despu\u00e9s de las primeras 10 posiciones.<\/p>\n<blockquote class=\"twitter-tweet\" data-lang=\"es\">\n<p dir=\"ltr\" lang=\"en\">Mexican sensation! <a href=\"https:\/\/twitter.com\/bayer04fussball\">@bayer04fussball<\/a>&#8216;s <a href=\"https:\/\/twitter.com\/CH14_\">@CH14_<\/a> strike downs <a href=\"https:\/\/twitter.com\/Mainz05en\">@Mainz05en<\/a> <a href=\"https:\/\/twitter.com\/hashtag\/B04M05?src=hash\">#B04M05<\/a> <a href=\"http:\/\/t.co\/FCpvYJo3UZ\">http:\/\/t.co\/FCpvYJo3UZ<\/a> <a href=\"http:\/\/t.co\/d8JHwjIAWq\">pic.twitter.com\/d8JHwjIAWq<\/a><\/p>\n<p>\u2014 Bundesliga English (@Bundesliga_EN) <a href=\"https:\/\/twitter.com\/Bundesliga_EN\/status\/646980086458150912\">24 de septiembre de 2015<\/a><\/p><\/blockquote>\n<p><script async src=\"\/\/platform.twitter.com\/widgets.js\" charset=\"utf-8\"><\/script><\/p>\n<p>En el pasado duelo de la fecha 5 de la Bundesliga, el Mainz inici\u00f3 ganando el encuentro con un contragolpe que termin\u00f3 a la perfecci\u00f3n Yunus Malli (ahora en el VfL Wolfsburg), empat\u00f3 el mexicano gracias a un pase preciso de Charles Ar\u00e1nguiz pero r\u00e1pidamente Los Carnavaleros recuperaron la ventaja.<\/p>\n<p>En la segunda mitad el talento del nacido en Guadalajara, M\u00e9xico se rob\u00f3 las miradas, anotando el empate con un poco de fortuna y en los minutos finales del partido ya en tiempo de compensaci\u00f3n, apareci\u00f3 para rematar de cabeza y vencer a Jonas L\u00f6ssl para darle los tres puntos a su equipo, convirti\u00e9ndose as\u00ed en el rey del carnaval, obra que buscar\u00e1 repetir este s\u00e1bado pero ahora arropado por su gente en el BayArena.<\/p>\n<p>*Con informaci\u00f3n de la Bundesliga<\/p>\n","protected":false},"excerpt":{"rendered":"<p>Chicharito buscar\u00e1 seguir con su buena racha de goles.<\/p>\n","protected":false},"author":129,"featured_media":463042,"comment_status":"closed","ping_status":"closed","sticky":false,"template":"","format":"standard","meta":[],"categories":[3839],"tags":[4335,119,120],"_links":{"self":[{"href":"http:\/\/desarrollo.grupomedios.com\/futbol\/wp-json\/wp\/v2\/posts\/463691"}],"collection":[{"href":"http:\/\/desarrollo.grupomedios.com\/futbol\/wp-json\/wp\/v2\/posts"}],"about":[{"href":"http:\/\/desarrollo.grupomedios.com\/futbol\/wp-json\/wp\/v2\/types\/post"}],"author":[{"embeddable":true,"href":"http:\/\/desarrollo.grupomedios.com\/futbol\/wp-json\/wp\/v2\/users\/129"}],"replies":[{"embeddable":true,"href":"http:\/\/desarrollo.grupomedios.com\/futbol\/wp-json\/wp\/v2\/comments?post=463691"}],"version-history":[{"count":0,"href":"http:\/\/desarrollo.grupomedios.com\/futbol\/wp-json\/wp\/v2\/posts\/463691\/revisions"}],"wp:featuredmedia":[{"embeddable":true,"href":"http:\/\/desarrollo.grupomedios.com\/futbol\/wp-json\/wp\/v2\/media\/463042"}],"wp:attachment":[{"href":"http:\/\/desarrollo.grupomedios.com\/futbol\/wp-json\/wp\/v2\/media?parent=463691"}],"wp:term":[{"taxonomy":"category","embeddable":true,"href":"http:\/\/desarrollo.grupomedios.com\/futbol\/wp-json\/wp\/v2\/categories?post=463691"},{"taxonomy":"post_tag","embeddable":true,"href":"http:\/\/desarrollo.grupomedios.com\/futbol\/wp-json\/wp\/v2\/tags?post=463691"}],"curies":[{"name":"wp","href":"https:\/\/api.w.org\/{rel}","templated":true}]}}