{"id":463836,"date":"2017-02-25T10:38:17","date_gmt":"2017-02-25T16:38:17","guid":{"rendered":"https:\/\/www.futboltotal.com.mx\/?p=463836"},"modified":"2017-02-25T10:38:17","modified_gmt":"2017-02-25T16:38:17","slug":"chicharito-leverkusen-vuelven-a-frenar-en-la-bundesliga","status":"publish","type":"post","link":"http:\/\/desarrollo.grupomedios.com\/futbol\/destacado-home\/chicharito-leverkusen-vuelven-a-frenar-en-la-bundesliga\/2017\/02","title":{"rendered":"Chicharito y Leverkusen vuelven a frenar en la Bundesliga"},"content":{"rendered":"<p>El Bayer Leverkusen del mexicano Javier Hern\u00e1ndez, perdi\u00f3 0-2 ante el Mainz y volvi\u00f3 a entrar en ese bache de partidos irregulares en lo que va de la campa\u00f1a.<\/p>\n<p>Chicharito arranc\u00f3 como titular y buscaba su sexto gol en siete partidos, pero el mexicano no tuvo ninguna oportunidad de abrir el marcador.<\/p>\n<p>El Mainz sorprendi\u00f3 desde el primer minuto con el colombiano John C\u00f3rdoba, que fue un problema para la defensa de las\u00a0<em>Aspirinas.\u00a0<\/em>Fue al minuto 3&#8242; cuando el defensa Bells abri\u00f3 el marcador y apenas siete minutos despu\u00e9s Otzunalli increment\u00f3 la ventaja.<\/p>\n<p>El Bayer Leverkusen busc\u00f3 descontar durante el resto del partido pero tuvo pocas ocasiones de peligro. Ni Chicharito, Vollando, Bellarabi y Brandt pudieron generar peligro; incluso el Mainz estuvo m\u00e1s cerca del tercero.<\/p>\n<p>&nbsp;<\/p>\n","protected":false},"excerpt":{"rendered":"<p>El mexicano disput\u00f3 los 90 minutos.<\/p>\n","protected":false},"author":129,"featured_media":457262,"comment_status":"closed","ping_status":"closed","sticky":false,"template":"","format":"standard","meta":[],"categories":[5,3839],"tags":[4335,119,120],"_links":{"self":[{"href":"http:\/\/desarrollo.grupomedios.com\/futbol\/wp-json\/wp\/v2\/posts\/463836"}],"collection":[{"href":"http:\/\/desarrollo.grupomedios.com\/futbol\/wp-json\/wp\/v2\/posts"}],"about":[{"href":"http:\/\/desarrollo.grupomedios.com\/futbol\/wp-json\/wp\/v2\/types\/post"}],"author":[{"embeddable":true,"href":"http:\/\/desarrollo.grupomedios.com\/futbol\/wp-json\/wp\/v2\/users\/129"}],"replies":[{"embeddable":true,"href":"http:\/\/desarrollo.grupomedios.com\/futbol\/wp-json\/wp\/v2\/comments?post=463836"}],"version-history":[{"count":0,"href":"http:\/\/desarrollo.grupomedios.com\/futbol\/wp-json\/wp\/v2\/posts\/463836\/revisions"}],"wp:featuredmedia":[{"embeddable":true,"href":"http:\/\/desarrollo.grupomedios.com\/futbol\/wp-json\/wp\/v2\/media\/457262"}],"wp:attachment":[{"href":"http:\/\/desarrollo.grupomedios.com\/futbol\/wp-json\/wp\/v2\/media?parent=463836"}],"wp:term":[{"taxonomy":"category","embeddable":true,"href":"http:\/\/desarrollo.grupomedios.com\/futbol\/wp-json\/wp\/v2\/categories?post=463836"},{"taxonomy":"post_tag","embeddable":true,"href":"http:\/\/desarrollo.grupomedios.com\/futbol\/wp-json\/wp\/v2\/tags?post=463836"}],"curies":[{"name":"wp","href":"https:\/\/api.w.org\/{rel}","templated":true}]}}