{"id":463840,"date":"2017-02-25T10:50:53","date_gmt":"2017-02-25T16:50:53","guid":{"rendered":"https:\/\/www.futboltotal.com.mx\/?p=463840"},"modified":"2017-02-25T10:50:53","modified_gmt":"2017-02-25T16:50:53","slug":"zidane-niega-desconfianza-en-keylor-navas","status":"publish","type":"post","link":"http:\/\/desarrollo.grupomedios.com\/futbol\/futbol-internacional\/zidane-niega-desconfianza-en-keylor-navas\/2017\/02","title":{"rendered":"Zidane niega desconfianza en Keylor Navas"},"content":{"rendered":"<p>El portero costarricense<strong> Keylor Navas<\/strong> recibi\u00f3 la defensa p\u00fablica de su entrenador, el franc\u00e9s Zinedine Zidane, que le respald\u00f3 ante las cr\u00edticas por su partido en Mestalla en la derrota ante el Valencia, y que reiter\u00f3 su confianza en el guardameta al que sigue considerando titular del Real Madrid.<\/p>\n<p>&#8220;Conf\u00edo en <strong>Keylor<\/strong>, mucho&#8221;, asegur\u00f3 Zidane para cortar la nueva oleada de cr\u00edticas que ha recibido el portero costarricense tras el segundo tanto encajado por el Real Madrid en Mestalla.<\/p>\n<blockquote class=\"twitter-tweet\" data-lang=\"es\">\n<p dir=\"ltr\" lang=\"es\"> \u00a1Todo a punto para el partido de ma\u00f1ana  <a href=\"https:\/\/twitter.com\/VillarrealCF\">@VillarrealCF<\/a>!<a href=\"https:\/\/twitter.com\/hashtag\/RMCity?src=hash\">#RMCity<\/a> <a href=\"https:\/\/twitter.com\/hashtag\/HalaMadrid?src=hash\">#HalaMadrid<\/a> <a href=\"https:\/\/t.co\/gURSgPW0tn\">pic.twitter.com\/gURSgPW0tn<\/a><\/p>\n<p>\u2014 Real Madrid C. F. (@realmadrid) <a href=\"https:\/\/twitter.com\/realmadrid\/status\/835462678290317313\">25 de febrero de 2017<\/a><\/p><\/blockquote>\n<p><script async src=\"\/\/platform.twitter.com\/widgets.js\" charset=\"utf-8\"><\/script><\/p>\n<p>&#8220;Los comentarios que hacen de fuera no los podemos controlar y <strong>Keylor<\/strong> est\u00e1 acostumbrado a esto. Lo podemos hacer todos mejor, yo tambi\u00e9n, pero confi\u00f3 en \u00e9l y sobre todo en todos mis jugadores&#8221;, dijo Zidane.<\/p>\n<p>&#8220;No podemos hacer siempre cada uno las cosas como queremos, en el f\u00fatbol hay momentos donde hay que trabajar y ya est\u00e1&#8221;, a\u00f1adi\u00f3 mostrando el camino al portero para recuperar su mejor nivel en los pr\u00f3ximos partidos. EFE<\/p>\n","protected":false},"excerpt":{"rendered":"<p>El portero fue criticado por su partido ante el Valencia.<\/p>\n","protected":false},"author":144,"featured_media":463526,"comment_status":"closed","ping_status":"closed","sticky":false,"template":"","format":"standard","meta":[],"categories":[3839,3844],"tags":[5590,5988,2943],"_links":{"self":[{"href":"http:\/\/desarrollo.grupomedios.com\/futbol\/wp-json\/wp\/v2\/posts\/463840"}],"collection":[{"href":"http:\/\/desarrollo.grupomedios.com\/futbol\/wp-json\/wp\/v2\/posts"}],"about":[{"href":"http:\/\/desarrollo.grupomedios.com\/futbol\/wp-json\/wp\/v2\/types\/post"}],"author":[{"embeddable":true,"href":"http:\/\/desarrollo.grupomedios.com\/futbol\/wp-json\/wp\/v2\/users\/144"}],"replies":[{"embeddable":true,"href":"http:\/\/desarrollo.grupomedios.com\/futbol\/wp-json\/wp\/v2\/comments?post=463840"}],"version-history":[{"count":0,"href":"http:\/\/desarrollo.grupomedios.com\/futbol\/wp-json\/wp\/v2\/posts\/463840\/revisions"}],"wp:featuredmedia":[{"embeddable":true,"href":"http:\/\/desarrollo.grupomedios.com\/futbol\/wp-json\/wp\/v2\/media\/463526"}],"wp:attachment":[{"href":"http:\/\/desarrollo.grupomedios.com\/futbol\/wp-json\/wp\/v2\/media?parent=463840"}],"wp:term":[{"taxonomy":"category","embeddable":true,"href":"http:\/\/desarrollo.grupomedios.com\/futbol\/wp-json\/wp\/v2\/categories?post=463840"},{"taxonomy":"post_tag","embeddable":true,"href":"http:\/\/desarrollo.grupomedios.com\/futbol\/wp-json\/wp\/v2\/tags?post=463840"}],"curies":[{"name":"wp","href":"https:\/\/api.w.org\/{rel}","templated":true}]}}