{"id":463853,"date":"2017-02-25T14:07:35","date_gmt":"2017-02-25T20:07:35","guid":{"rendered":"https:\/\/www.futboltotal.com.mx\/?p=463853"},"modified":"2017-02-25T15:52:08","modified_gmt":"2017-02-25T21:52:08","slug":"lo-ideal-toluca-pudiera-coronarse-cardozo","status":"publish","type":"post","link":"http:\/\/desarrollo.grupomedios.com\/futbol\/futbol-mexicano\/lo-ideal-toluca-pudiera-coronarse-cardozo\/2017\/02","title":{"rendered":"Lo ideal es que Toluca pudiera coronarse: Cardozo"},"content":{"rendered":"<p>Este domingo, el Puebla visitar\u00e1 al Toluca con el ingrediente del regreso de Jos\u00e9 Cardozo al Nemesio D\u00edez para enfrentar al equipo de sus amores, aunque para este partido, buscar ser \u00e9l quien les corte la racha.<\/p>\n<p>Cardozo regresar\u00e1 casi un a\u00f1o despu\u00e9s de haber dirigido su \u00faltimo partido con los Diablos Rojos y a pesar de que ahora lo har\u00e1 trabajando para otro club, el paraguayo ve como favorito al t\u00edtulo al equipo de sus amores, aunque espera que sea despu\u00e9s de enfrentar a su actual equipo.<\/p>\n<blockquote><p>&#8220;Ser\u00eda ideal que pudieran coronarse y creo que van por muy buen camino. Tienen un t\u00e9cnico que es de la casa tambi\u00e9n, que quiere mucho a la instituci\u00f3n y por lo tanto lleva paso perfecto\u201d.<\/p>\n<p>&#8220;Ojal\u00e1 que sigan as\u00ed hasta despu\u00e9s de nosotros porque vamos con la intenci\u00f3n de hacer un gran partido y de ganar, pero Toluca es el m\u00e1s serio candidato al t\u00edtulo&#8221;, coment\u00f3 en entrevista para el portal<em> Mediotiempo<\/em>.<\/p><\/blockquote>\n<p>Antes de su llegada al Puebla, se le hab\u00eda visto a Cardozo en el Nemesio D\u00edez previo al Centenario de los Diablos, por lo que ahor\u00e1 volve\u00e1 para defender otros colores.<\/p>\n<blockquote><p>\u201cCada que voy a Toluca es ir a mi casa y siempre ser\u00e1 especial. Ellos me conocen, saben que soy un profesional y que me gusta ganar siempre, por lo tanto voy con Puebla con muchas ganas de hacer un buen partido. Ser\u00e1 extraordinario, especial para m\u00ed\u201d, dijo.<\/p><\/blockquote>\n<p>Adem\u00e1s, el t\u00e9cnico guaran\u00ed neg\u00f3 haberse quedado con las ganas de dirigir a Toluca en su centenario, pues asegur\u00f3 que \u00e9l siempre seguir\u00e1 teniendo un gran cari\u00f1o por el club.<\/p>\n<p>\u201cLos tiempos son perfectos, por algo no estamos ah\u00ed, pero uno no se estresa por eso y el cari\u00f1o al club y a la camiseta siempre est\u00e1 ah\u00ed\u201d, agreg\u00f3 v\u00eda telef\u00f3nica.<\/p>\n","protected":false},"excerpt":{"rendered":"<p>Cardozo no ocult\u00f3 sus colores previo al duelo que tendr\u00e1 ante Toluca.<\/p>\n","protected":false},"author":20,"featured_media":453630,"comment_status":"closed","ping_status":"closed","sticky":false,"template":"","format":"standard","meta":[],"categories":[2198,3845],"tags":[3642,64,5969,5975],"_links":{"self":[{"href":"http:\/\/desarrollo.grupomedios.com\/futbol\/wp-json\/wp\/v2\/posts\/463853"}],"collection":[{"href":"http:\/\/desarrollo.grupomedios.com\/futbol\/wp-json\/wp\/v2\/posts"}],"about":[{"href":"http:\/\/desarrollo.grupomedios.com\/futbol\/wp-json\/wp\/v2\/types\/post"}],"author":[{"embeddable":true,"href":"http:\/\/desarrollo.grupomedios.com\/futbol\/wp-json\/wp\/v2\/users\/20"}],"replies":[{"embeddable":true,"href":"http:\/\/desarrollo.grupomedios.com\/futbol\/wp-json\/wp\/v2\/comments?post=463853"}],"version-history":[{"count":0,"href":"http:\/\/desarrollo.grupomedios.com\/futbol\/wp-json\/wp\/v2\/posts\/463853\/revisions"}],"wp:featuredmedia":[{"embeddable":true,"href":"http:\/\/desarrollo.grupomedios.com\/futbol\/wp-json\/wp\/v2\/media\/453630"}],"wp:attachment":[{"href":"http:\/\/desarrollo.grupomedios.com\/futbol\/wp-json\/wp\/v2\/media?parent=463853"}],"wp:term":[{"taxonomy":"category","embeddable":true,"href":"http:\/\/desarrollo.grupomedios.com\/futbol\/wp-json\/wp\/v2\/categories?post=463853"},{"taxonomy":"post_tag","embeddable":true,"href":"http:\/\/desarrollo.grupomedios.com\/futbol\/wp-json\/wp\/v2\/tags?post=463853"}],"curies":[{"name":"wp","href":"https:\/\/api.w.org\/{rel}","templated":true}]}}