{"id":463855,"date":"2017-02-25T15:10:12","date_gmt":"2017-02-25T21:10:12","guid":{"rendered":"https:\/\/www.futboltotal.com.mx\/?p=463855"},"modified":"2017-02-25T15:10:12","modified_gmt":"2017-02-25T21:10:12","slug":"layun-se-enoja-muro-en-jugueteria-portugal","status":"publish","type":"post","link":"http:\/\/desarrollo.grupomedios.com\/futbol\/futbol-internacional\/layun-se-enoja-muro-en-jugueteria-portugal\/2017\/02","title":{"rendered":"Lay\u00fan se enoja por muro en jugueter\u00eda de Portugal"},"content":{"rendered":"<p>El defensa de la Seleci\u00f3n Mexicana y del Porto, Miguel Lay\u00fan, mostr\u00f3 a trav\u00e9s de su cuenta de Twitter la broma que hizo una jugueter\u00eda en Portugal donde aparece un muro y las se\u00f1alizaciones de M\u00e9xico y Estados Unidos, haciendo referencia a las palabras del Presidente americano, Donald Trump.<\/p>\n<blockquote class=\"twitter-tweet\" data-lang=\"es\">\n<p dir=\"ltr\" lang=\"es\">Qu\u00e9 triste que el <a href=\"https:\/\/twitter.com\/ToysRUs\">@ToysRUs<\/a> en Gaia tenga este tipo de decoraci\u00f3n. Optamos por salir cuando vimos esta &#8220;broma&#8221;. \u270b&#x1f3fb; <a href=\"https:\/\/t.co\/Nxo5MrIStV\">pic.twitter.com\/Nxo5MrIStV<\/a><\/p>\n<p>\u2014 Miguel Layun (@Miguel_layun) <a href=\"https:\/\/twitter.com\/Miguel_layun\/status\/835529717814079488\">25 de febrero de 2017<\/a><\/p><\/blockquote>\n<p><script async src=\"\/\/platform.twitter.com\/widgets.js\" charset=\"utf-8\"><\/script><\/p>\n<p>Ante la queja de Lay\u00fan, la jugueter\u00eda respondi\u00f3 de forma inmediata lamentando lo que suced\u00eda con esa tienda y asegur\u00f3 que trabajar\u00edan en el asunto.<\/p>\n<p>&#8220;Por favor, sepa que esto no es lo que somos y nos hemos contactado inmediatamente con la gerencia de la tienda en Portugal para abordar esto&#8221;, public\u00f3 el almac\u00e9n con sede central en Wayne, Nueva Jersey.<\/p>\n<p style=\"text-align: center;\"><span style=\"color: #3366ff;\"><a style=\"color: #3366ff;\" href=\"https:\/\/www.futboltotal.com.mx\/2017\/02\/inhabilitan-a-arbitro-la-liga-mx\/\">LEER M\u00c1S: \u00a1Inhabilitan a \u00e1rbitro por enviar a un doble a su examen!<\/a><\/span><\/p>\n<p>El mismo ex jugador del Am\u00e9rica subi\u00f3 despu\u00e9s un video donde agradece a la tienda por haber tomado su comentario y pidi\u00f3 que ning\u00fan empleado pierda su trabajo tras su queja.<\/p>\n<blockquote class=\"twitter-video\" data-lang=\"es\">\n<p dir=\"ltr\" lang=\"es\">De verdad solo pido que no haya ninguna p\u00e9rdida de trabajo con lo ocurrido hoy. Gracias <a href=\"https:\/\/twitter.com\/ToysRUs\">@ToysRUs<\/a> <a href=\"https:\/\/t.co\/iVIe5dtH9b\">pic.twitter.com\/iVIe5dtH9b<\/a><\/p>\n<p>\u2014 Miguel Layun (@Miguel_layun) <a href=\"https:\/\/twitter.com\/Miguel_layun\/status\/835582122291302400\">25 de febrero de 2017<\/a><\/p><\/blockquote>\n<p><script async src=\"\/\/platform.twitter.com\/widgets.js\" charset=\"utf-8\"><\/script><\/p>\n","protected":false},"excerpt":{"rendered":"<p>Al mexicano no le gust\u00f3 el muro entre M\u00e9xico y Estados Unidos como broma<\/p>\n","protected":false},"author":20,"featured_media":452064,"comment_status":"closed","ping_status":"closed","sticky":false,"template":"","format":"standard","meta":[],"categories":[5419,3839],"tags":[6214,1035],"_links":{"self":[{"href":"http:\/\/desarrollo.grupomedios.com\/futbol\/wp-json\/wp\/v2\/posts\/463855"}],"collection":[{"href":"http:\/\/desarrollo.grupomedios.com\/futbol\/wp-json\/wp\/v2\/posts"}],"about":[{"href":"http:\/\/desarrollo.grupomedios.com\/futbol\/wp-json\/wp\/v2\/types\/post"}],"author":[{"embeddable":true,"href":"http:\/\/desarrollo.grupomedios.com\/futbol\/wp-json\/wp\/v2\/users\/20"}],"replies":[{"embeddable":true,"href":"http:\/\/desarrollo.grupomedios.com\/futbol\/wp-json\/wp\/v2\/comments?post=463855"}],"version-history":[{"count":0,"href":"http:\/\/desarrollo.grupomedios.com\/futbol\/wp-json\/wp\/v2\/posts\/463855\/revisions"}],"wp:featuredmedia":[{"embeddable":true,"href":"http:\/\/desarrollo.grupomedios.com\/futbol\/wp-json\/wp\/v2\/media\/452064"}],"wp:attachment":[{"href":"http:\/\/desarrollo.grupomedios.com\/futbol\/wp-json\/wp\/v2\/media?parent=463855"}],"wp:term":[{"taxonomy":"category","embeddable":true,"href":"http:\/\/desarrollo.grupomedios.com\/futbol\/wp-json\/wp\/v2\/categories?post=463855"},{"taxonomy":"post_tag","embeddable":true,"href":"http:\/\/desarrollo.grupomedios.com\/futbol\/wp-json\/wp\/v2\/tags?post=463855"}],"curies":[{"name":"wp","href":"https:\/\/api.w.org\/{rel}","templated":true}]}}