{"id":463868,"date":"2017-02-25T15:46:07","date_gmt":"2017-02-25T21:46:07","guid":{"rendered":"https:\/\/www.futboltotal.com.mx\/?p=463868"},"modified":"2017-02-25T15:46:07","modified_gmt":"2017-02-25T21:46:07","slug":"agente-mario-balotelli-propone-cortarle-la-lengua","status":"publish","type":"post","link":"http:\/\/desarrollo.grupomedios.com\/futbol\/futbol-internacional\/agente-mario-balotelli-propone-cortarle-la-lengua\/2017\/02","title":{"rendered":"\u00a1Agente de Mario Balotelli propone cortarle la lengua!"},"content":{"rendered":"<p>El temperamento de <strong>Mario Balotelli<\/strong> ha sido una constante negativa durante toda su carrera, pues no importa el equipo donde milite ni el rival, a <em>S\u00faper Mario<\/em> siempre se le afloja la lengua con vocabulario r\u00edgido, raz\u00f3n por la que se ha ganado varias expulsiones, como hace una semana en la Ligue 1, tras insultar al \u00e1rbitro<\/p>\n<p>Es por eso que el agente de <strong>Mario Balotelli<\/strong>, Mino Raiola, s\u00f3lo ve una soluci\u00f3n factible para evitar que Mario Balotelli recurra a los insultos o a hablar de m\u00e1s antes, durante o posteriormente a alg\u00fan encuentro: despojarlo de su lengua.<\/p>\n<p>\u201cHe encontrado la soluci\u00f3n. Le cortamos la lengua para disputar los partidos. En el futbol no es necesario la lengua. As\u00ed que vamos a cort\u00e1rsela\u201d, explic\u00f3 el agente en esta semana, tras la expulsi\u00f3n de <strong>Mario Balotelli,<\/strong> en el Lorient vs Niza, de la jornada 26.<\/p>\n<p style=\"text-align: center;\"><span style=\"color: #3366ff;\"><a style=\"color: #3366ff;\" href=\"https:\/\/www.futboltotal.com.mx\/2017\/02\/america-dejara-a-televisa\/\" target=\"_blank\"><strong>LEER M\u00c1S: \u00bfAm\u00e9rica dejar\u00e1 a Televisa?<\/strong><\/a><\/span><\/p>\n<p>\u201cEn serio, sabe que cometi\u00f3 un gran error y no tiene excusa. Es algo que tiene que mejorar. Est\u00e1 triste consigo mismo y con el equipo\u201d, corrige Mino Raiola.<\/p>\n<p><strong>S\u00edguenos en Twitter:<\/strong> <a href=\"https:\/\/twitter.com\/MXFutbolTotal\" target=\"_blank\">@MXFutbolTotal<\/a><\/p>\n","protected":false},"excerpt":{"rendered":"<p>Mino Raiola ve la medida como la \u00fanica soluci\u00f3n para calmar el temperamento del italiano.<\/p>\n","protected":false},"author":20,"featured_media":463869,"comment_status":"closed","ping_status":"closed","sticky":false,"template":"","format":"standard","meta":[],"categories":[5419,3839,7521],"tags":[5460,408,6002],"_links":{"self":[{"href":"http:\/\/desarrollo.grupomedios.com\/futbol\/wp-json\/wp\/v2\/posts\/463868"}],"collection":[{"href":"http:\/\/desarrollo.grupomedios.com\/futbol\/wp-json\/wp\/v2\/posts"}],"about":[{"href":"http:\/\/desarrollo.grupomedios.com\/futbol\/wp-json\/wp\/v2\/types\/post"}],"author":[{"embeddable":true,"href":"http:\/\/desarrollo.grupomedios.com\/futbol\/wp-json\/wp\/v2\/users\/20"}],"replies":[{"embeddable":true,"href":"http:\/\/desarrollo.grupomedios.com\/futbol\/wp-json\/wp\/v2\/comments?post=463868"}],"version-history":[{"count":0,"href":"http:\/\/desarrollo.grupomedios.com\/futbol\/wp-json\/wp\/v2\/posts\/463868\/revisions"}],"wp:featuredmedia":[{"embeddable":true,"href":"http:\/\/desarrollo.grupomedios.com\/futbol\/wp-json\/wp\/v2\/media\/463869"}],"wp:attachment":[{"href":"http:\/\/desarrollo.grupomedios.com\/futbol\/wp-json\/wp\/v2\/media?parent=463868"}],"wp:term":[{"taxonomy":"category","embeddable":true,"href":"http:\/\/desarrollo.grupomedios.com\/futbol\/wp-json\/wp\/v2\/categories?post=463868"},{"taxonomy":"post_tag","embeddable":true,"href":"http:\/\/desarrollo.grupomedios.com\/futbol\/wp-json\/wp\/v2\/tags?post=463868"}],"curies":[{"name":"wp","href":"https:\/\/api.w.org\/{rel}","templated":true}]}}