{"id":463881,"date":"2017-02-26T15:03:03","date_gmt":"2017-02-26T21:03:03","guid":{"rendered":"https:\/\/www.futboltotal.com.mx\/?p=463881"},"modified":"2017-02-26T15:42:29","modified_gmt":"2017-02-26T21:42:29","slug":"en-vivo-villarreal-vs-real-madrid-la-liga","status":"publish","type":"post","link":"http:\/\/desarrollo.grupomedios.com\/futbol\/futbol-internacional\/en-vivo-villarreal-vs-real-madrid-la-liga\/2017\/02","title":{"rendered":"AS\u00cd SE VIVI\u00d3 | Villarreal 2-3 Real Madrid | \u00a1Remontada merengue!"},"content":{"rendered":"<p><span style=\"color: #ff0000;\">93:00<\/span> |Gracias por habernos acompa\u00f1ado. Sigan las reacciones por futboltotal.com.mx. Hasta la pr\u00f3xima.<\/p>\n<p><span style=\"color: #ff0000;\">93:00<\/span> | El mexicano Jona fue titular estuvo cerca de hacer gol en dos ocasiones con un par de tiros.<\/p>\n<p><span style=\"color: #ff0000;\">93:00<\/span> | \u00a1Se acab\u00f3 el partido! El Real Madrid consigue la voltereta y sigue l\u00edder en la liga.<\/p>\n<p><span style=\"color: #ff0000;\">89:00<\/span> | \u00a1Remate de Jona dos Santos! El bal\u00f3n pega en la espalda de Marcelo y el mexicano saca un zapatazo que pasa apenas desviado.<\/p>\n<p><span style=\"color: #ff0000;\">87:00<\/span> | Cambio del Real Madrid: Al campo, Lucas V\u00e1zquez, se va Bale.<\/p>\n<p><span style=\"color: #ff0000;\">83:00<\/span> | Isco recuper\u00f3 un bal\u00f3n, Cristiano se la dio a Marcelo y este puso un centro que remat\u00f3 Morta con un frentazo.<\/p>\n<p><span style=\"color: #ff0000;\">83:00<\/span> | \u00a1Goooooooooooooooooooool del Real Madrid!<\/p>\n<blockquote class=\"twitter-tweet\" data-lang=\"es\">\n<p dir=\"ltr\" lang=\"es\">83&#8242; \u00a1\u00a1\u00a1\u00a1\u00a1\u00a1\u00a1\u00a1\u00a1\u00a1GOOOOOOOOOOOOOOOOOOOOL de <a href=\"https:\/\/twitter.com\/AlvaroMorata\">@AlvaroMorata<\/a> \u00a1!!!!!!!!!!!!!!!<\/p>\n<p>\u00a1\u00a1VAMOOOSSS!! <a href=\"https:\/\/t.co\/BhpKwRJ4pj\">pic.twitter.com\/BhpKwRJ4pj<\/a><\/p>\n<p>\u2014 Real Madrid C. F. (@realmadrid) <a href=\"https:\/\/twitter.com\/realmadrid\/status\/835964483566698498\">26 de febrero de 2017<\/a><\/p><\/blockquote>\n<p><script async src=\"\/\/platform.twitter.com\/widgets.js\" charset=\"utf-8\"><\/script><\/p>\n<p><span style=\"color: #ff0000;\">80:00<\/span> | El Real Madrid sigue al abordaje y acorrala al Villarreal, que se defiende con todo y ya no consigue tener el esf\u00e9rico.<\/p>\n<p><span style=\"color: #ff0000;\">77:00<\/span> | Cambio del Real Madrid: Se fue Benzema y entra Morata.<\/p>\n<p><span style=\"color: #ff0000;\">74:00<\/span> | Cristiano fusila a Fern\u00e1ndez con un ca\u00f1onazo. \u00a1Se empat\u00f3 el partido!<\/p>\n<blockquote class=\"twitter-tweet\" data-lang=\"es\">\n<p dir=\"ltr\" lang=\"es\">74&#8242; \u00a1GOL de <a href=\"https:\/\/twitter.com\/Cristiano\">@Cristiano<\/a> de penalti! \u00a1HASTA EL FINAL, VAMOS REAL!<a href=\"https:\/\/twitter.com\/VillarrealCF\">@VillarrealCF<\/a> 2-2 <a href=\"https:\/\/twitter.com\/hashtag\/RealMadrid?src=hash\">#RealMadrid<\/a> <a href=\"https:\/\/twitter.com\/hashtag\/RMLiga?src=hash\">#RMLiga<\/a> <a href=\"https:\/\/twitter.com\/hashtag\/HalaMadrid?src=hash\">#HalaMadrid<\/a> <a href=\"https:\/\/t.co\/vrVsnZeafs\">pic.twitter.com\/vrVsnZeafs<\/a><\/p>\n<p>\u2014 Real Madrid C. F. (@realmadrid) <a href=\"https:\/\/twitter.com\/realmadrid\/status\/835961995740524544\">26 de febrero de 2017<\/a><\/p><\/blockquote>\n<p><script async src=\"\/\/platform.twitter.com\/widgets.js\" charset=\"utf-8\"><\/script><\/p>\n<p><span style=\"color: #ff0000;\">73:00<\/span> | \u00a1Penalti para el Real Madrid! Pol\u00e9mica jugada. Toda la banca protesta porque la jugada se dio tras despeja que <span class=\"cmtComentario\"><span class=\"cmtContenedorComentario\"><span class=\"cmtComentarioRedactor\">le da a Bruno entre la mano y el pecho.<\/span><\/span><\/span><\/p>\n<p><span style=\"color: #ff0000;\">64:00<\/span> | Gareth Bale consigue rematar dentro del \u00e1rea con la cabeza y descuenta para los Merengues.<\/p>\n<blockquote class=\"twitter-tweet\" data-lang=\"es\">\n<p dir=\"ltr\" lang=\"es\">64&#8242; \u00a1\u00a1\u00a1\u00a1GOOOOOL GOL GOL de <a href=\"https:\/\/twitter.com\/GarethBale11\">@GarethBale11<\/a>!!!! \u00a1VAMOOOS!<a href=\"https:\/\/twitter.com\/VillarrealCF\">@VillarrealCF<\/a> 2-1 <a href=\"https:\/\/twitter.com\/hashtag\/RealMadrid?src=hash\">#RealMadrid<\/a> <a href=\"https:\/\/twitter.com\/hashtag\/RMLiga?src=hash\">#RMLiga<\/a> <a href=\"https:\/\/twitter.com\/hashtag\/HalaMadrid?src=hash\">#HalaMadrid<\/a> <a href=\"https:\/\/t.co\/0PVenmKMEo\">pic.twitter.com\/0PVenmKMEo<\/a><\/p>\n<p>\u2014 Real Madrid C. F. (@realmadrid) <a href=\"https:\/\/twitter.com\/realmadrid\/status\/835959749996855302\">26 de febrero de 2017<\/a><\/p><\/blockquote>\n<p><script async src=\"\/\/platform.twitter.com\/widgets.js\" charset=\"utf-8\"><\/script><\/p>\n<p><span style=\"color: #ff0000;\">64:00<\/span> | \u00a1Goooooooooooooool del Real Madrid!<\/p>\n<p><span style=\"color: #ff0000;\">60:00<\/span> | \u00a1Zapatazo de Cristiano al larguero! El luso sac\u00f3 una volea y cimbr\u00f3 la porter\u00eda en el \u00e1ngulo.<\/p>\n<p><span style=\"color: #ff0000;\">58:00<\/span> | Cambio del Real Madrid: Fue todo para Casemiro, Isco al campo.<\/p>\n<p><span style=\"color: #ff0000;\">58:00<\/span> | Cambio del Villerreal: se fue Adri\u00e1n e ingresa Cheryshev.<\/p>\n<p><span style=\"color: #ff0000;\">56:00<\/span> | Bakambu recibe una gran pelota al hueco de Bruno Sorinao y el delantero no perdona y define con un zapatazo de lujo.<\/p>\n<p><span style=\"color: #ff0000;\">56:00<\/span> | \u00a1Goooooooooooooool del Villarreal!<\/p>\n<p><span style=\"color: #ff0000;\">50:00<\/span> | Gran jugada del Villarreal en la que hay un mal rechace de Marcelo en el \u00e1rea; Trigueros no desaprovecha y marca el primero del partido.<\/p>\n<p><span style=\"color: #ff0000;\">49:00<\/span> | \u00a1Gooooooooooooool del Villarreal!<\/p>\n<p><span style=\"color: #ff0000;\">46:00<\/span> | \u00a1Arranca el segunto tiempo!<\/p>\n<p><span style=\"color: #ff0000;\">45:00<\/span> | \u00a1Se acaba el primer tiempo! Al descanso sin goles. Regresamos.<\/p>\n<p><span style=\"color: #ff0000;\">45:00<\/span> | Tiro libre para el Real Madrid. Kroos mete una pelota al centro y Pepe acaba cometiendo una falta.<\/p>\n<p><span style=\"color: #ff0000;\">40:00<\/span> | El Real Madrid no ha podido con Tigueros, Castillejo y Jona en el mediocampo.<\/p>\n<p><span style=\"color: #ff0000;\">38:00<\/span> | Jona dos Santos ha tenido un buen rendimiento con 28 de 31 pases completos y adem\u00e1s un tiro a gol que acab\u00f3 desviado por la defensa.<\/p>\n<p><span style=\"color: #ff0000;\">35:00<\/span> | Muy igualado ha estado el partido: hay seis tiro del Villarreal y siete del Real Madrid pero ninguno ha hecho gol. Una atajada de Asenjo y otra de Keylor han hecho diferencia.<\/p>\n<p><span style=\"color: #ff0000;\">33:00<\/span> | Cambio del Villarreal: se march\u00f3 el arquero lesionado Sergio Asenjo y entra Andr\u00e9s Fern\u00e1ndez.<\/p>\n<p><span style=\"color: #ff0000;\">29:00<\/span> | \u00a1Se sava el Madrid! Jona saca un ca\u00f1onazo desde la frontal y desv\u00eda la defensa del Real Madrid.<\/p>\n<p><span style=\"color: #ff0000;\">24:00<\/span> | \u00a1Se salva el Villarreal! Benzema remata y Asenjo intervene con una atajda de lujo; el arquero se queda lesionado.<\/p>\n<p><span style=\"color: #ff0000;\">20:00<\/span> | Cerradito primer tiempo en el que Real Madrid controla y el Villarreal espera la contra o un robo de bal\u00f3n para hacer da\u00f1o. \u00bfQui\u00e9n marca el priemro del partido?<\/p>\n<p><span style=\"color: #ff0000;\">18:00<\/span> | Lo intena Cristiano por la banda izquierda y saca un servicio que congela Asenjo sin complicaciones.<\/p>\n<p><span style=\"color: #ff0000;\">15:00<\/span> | Asenjo atrapa el bal\u00f3n. Luka le puso una buen apelota a Cristiano Ronaldo, pero el arquero sale y se anticipa de buena forma.<\/p>\n<p><span style=\"color: #ff0000;\">10:00<\/span> | \u00a1Keylor Navas evita el primero! Zapatazo de Castillejo y el tico salva del primer gol al Real Madrid.<\/p>\n<p><span style=\"color: #ff0000;\">08:00<\/span> | Castillejo se queda tendido en el campo por una dura entrada de Toni Kroos. se reanudan las acciones.<\/p>\n<p><span style=\"color: #ff0000;\">05:00<\/span> | Jona dos Santos inicia el partido como un interiro por izquierda y por ahora no tiene proyecci\u00f3n al ataque. Espera frenar los<\/p>\n<p><span style=\"color: #ff0000;\">03:00<\/span> | \u00a1Zapatazo de Cristiano! El luso quiso sorprender y el tiro pas\u00f3 muy cerca de la porter\u00eda amarilla.<\/p>\n<p><span style=\"color: #ff0000;\">00:00<\/span> | \u00a1Rueda el bal\u00f3n en el campo de La Ceramica!<\/p>\n<p>* Recordemos que el Barcelona acaba de ganar al Atl\u00e9tico y es l\u00edder provisional de la Liga. Vital ser\u00e1 que gane hoy el Real Madrid que, adem\u00e1s, tiene un partido pendiente.<\/p>\n<p>* Los jugadores de ambos equipos ya est\u00e1n calentando en la cancha.<\/p>\n<p>*As\u00ed fue la llegad del Real Madrid al estadio El Madrigal.<\/p>\n<blockquote class=\"twitter-video\" data-lang=\"es\">\n<p dir=\"ltr\" lang=\"es\">&#x1f3df; <a href=\"https:\/\/twitter.com\/hashtag\/RMLiga?src=hash\">#RMLiga<\/a> <a href=\"https:\/\/twitter.com\/hashtag\/HalaMadrid?src=hash\">#HalaMadrid<\/a><br \/>\n\u00a1As\u00ed entraron al estadio nuestros jugadores!<br \/>\n\u00a1Menos de 1 hora para el comienzo! <a href=\"https:\/\/t.co\/TBGGporTxI\">pic.twitter.com\/TBGGporTxI<\/a><\/p>\n<p>\u2014 Real Madrid C. F. (@realmadrid) <a href=\"https:\/\/twitter.com\/realmadrid\/status\/835927124988968960\">26 de febrero de 2017<\/a><\/p><\/blockquote>\n<p><script async src=\"\/\/platform.twitter.com\/widgets.js\" charset=\"utf-8\"><\/script><\/p>\n<p>* Zidane da su 11 y sorprende con la inclusi\u00f3n de Bale como titular. \u00a1Est\u00e1 de regreso la BBC!<\/p>\n<blockquote class=\"twitter-tweet\" data-lang=\"es\">\n<p dir=\"ltr\" lang=\"und\">\u2705 1\u20e31\u20e3 <a href=\"https:\/\/twitter.com\/VillarrealCF\">@VillarrealCF<\/a> <a href=\"https:\/\/twitter.com\/hashtag\/RealMadrid?src=hash\">#RealMadrid<\/a> <a href=\"https:\/\/twitter.com\/hashtag\/RMMovistar?src=hash\">#RMMovistar<\/a> <a href=\"https:\/\/twitter.com\/hashtag\/HalaMadrid?src=hash\">#HalaMadrid<\/a> <a href=\"https:\/\/t.co\/HnS1A0cGFD\">pic.twitter.com\/HnS1A0cGFD<\/a><\/p>\n<p>\u2014 Real Madrid C.F. (@realmadridfra) <a href=\"https:\/\/twitter.com\/realmadridfra\/status\/835920971244654597\">26 de febrero de 2017<\/a><\/p><\/blockquote>\n<p><script async src=\"\/\/platform.twitter.com\/widgets.js\" charset=\"utf-8\"><\/script><\/p>\n<p>* Villarreal confirma su alineaci\u00f3n: el mexicano Jona dos Santos ser\u00e1 titular en el Madrigal.<\/p>\n<blockquote class=\"twitter-tweet\" data-lang=\"es\">\n<p dir=\"ltr\" lang=\"es\">Ya tenemos los 1\ufe0f\u20e31\ufe0f\u20e3 jugadores elegidos por Fran Escrib\u00e1 para enfrentarse al <a href=\"https:\/\/twitter.com\/realmadrid\">@realmadrid<\/a> en el <a href=\"https:\/\/twitter.com\/hashtag\/EstadioDeLaCeramica?src=hash\">#EstadioDeLaCeramica<\/a>. <a href=\"https:\/\/twitter.com\/hashtag\/VillarrealRealMadrid?src=hash\">#VillarrealRealMadrid<\/a> <a href=\"https:\/\/t.co\/Wf1ZWT7OLF\">pic.twitter.com\/Wf1ZWT7OLF<\/a><\/p>\n<p>\u2014 Villarreal CF (@VillarrealCF) <a href=\"https:\/\/twitter.com\/VillarrealCF\/status\/835922345214767104\">26 de febrero de 2017<\/a><\/p><\/blockquote>\n<p><script async src=\"\/\/platform.twitter.com\/widgets.js\" charset=\"utf-8\"><\/script><\/p>\n<p>* \u00a1Buenta tarde, Cracks! Bienvenidos a la cobertura del duelo entre el Submarino Amarillo y los Merengues.<\/p>\n<p>El <strong>Villarreal vs Real Madrid<\/strong>, se celebrar\u00e1 en el estadio de La Cer\u00e1mica en un partido en el que el equipo local se centrar\u00e1 en la Liga espa\u00f1ola tras su eliminaci\u00f3n europea, mientras que el l\u00edder no debe fallar tras la derrota del mi\u00e9rcoles en Mestalla, para no desperdiciar su ventaja en la clasificaci\u00f3n.<\/p>\n<p>El objetivo de los locales es regresar a Europa al final de este campeonato y el del equipo madrile\u00f1o volver a distanciarse de sus perseguidores con el colch\u00f3n que supone la posibilidad de sumar en el partido todav\u00eda pendiente, el que debe jugar en Vigo ante el Celta.<\/p>\n<p>Para el <strong>Villarreal<\/strong> es fundamental recuperar la confianza de su afici\u00f3n, ya que el equipo ha reflejado su irregularidad con los \u00faltimos resultados y prueba de ello es que viene de caer con estr\u00e9pito en Europa ante el Roma, pero fue capaz de ganar en Anoeta a la Real Sociedad, un rival que le precede en la tabla.<\/p>\n<p>Esa confianza volver\u00e1 si el equipo de Fran Escrib\u00e1 es capaz de ganar al <strong>Real Madrid<\/strong>, por lo que el triunfo ser\u00eda uno de los de m\u00e1s peso de la temporada y para lo que tendr\u00edan que aprovecharse de los errores del rival.<\/p>\n<p>Una de las claves del encuentro ser\u00e1 el cansancio, que en el caso del <em>Submarino Amarillo<\/em> puede no ser tan alto como en el rival, ya que la pr\u00e1ctica totalidad de sus titulares no jugaron este jueves en Roma al estar la eliminatoria europea decidida desde el encuentro de ida.<\/p>\n<p><strong>Villarreal vs Real Madrid<\/strong>, \u00bfcu\u00e1l es tu pron\u00f3stico para este encuentro,<em> crack<\/em>?<\/p>\n","protected":false},"excerpt":{"rendered":"<p>Los Merengues se sobrepuso a dos goles y consigui\u00f3 la victoria en La Ceramica.<\/p>\n","protected":false},"author":20,"featured_media":464303,"comment_status":"closed","ping_status":"closed","sticky":false,"template":"","format":"standard","meta":[],"categories":[3839,3844],"tags":[1913,5988],"_links":{"self":[{"href":"http:\/\/desarrollo.grupomedios.com\/futbol\/wp-json\/wp\/v2\/posts\/463881"}],"collection":[{"href":"http:\/\/desarrollo.grupomedios.com\/futbol\/wp-json\/wp\/v2\/posts"}],"about":[{"href":"http:\/\/desarrollo.grupomedios.com\/futbol\/wp-json\/wp\/v2\/types\/post"}],"author":[{"embeddable":true,"href":"http:\/\/desarrollo.grupomedios.com\/futbol\/wp-json\/wp\/v2\/users\/20"}],"replies":[{"embeddable":true,"href":"http:\/\/desarrollo.grupomedios.com\/futbol\/wp-json\/wp\/v2\/comments?post=463881"}],"version-history":[{"count":0,"href":"http:\/\/desarrollo.grupomedios.com\/futbol\/wp-json\/wp\/v2\/posts\/463881\/revisions"}],"wp:featuredmedia":[{"embeddable":true,"href":"http:\/\/desarrollo.grupomedios.com\/futbol\/wp-json\/wp\/v2\/media\/464303"}],"wp:attachment":[{"href":"http:\/\/desarrollo.grupomedios.com\/futbol\/wp-json\/wp\/v2\/media?parent=463881"}],"wp:term":[{"taxonomy":"category","embeddable":true,"href":"http:\/\/desarrollo.grupomedios.com\/futbol\/wp-json\/wp\/v2\/categories?post=463881"},{"taxonomy":"post_tag","embeddable":true,"href":"http:\/\/desarrollo.grupomedios.com\/futbol\/wp-json\/wp\/v2\/tags?post=463881"}],"curies":[{"name":"wp","href":"https:\/\/api.w.org\/{rel}","templated":true}]}}