{"id":463894,"date":"2017-02-25T17:18:12","date_gmt":"2017-02-25T23:18:12","guid":{"rendered":"https:\/\/www.futboltotal.com.mx\/?p=463894"},"modified":"2017-02-25T17:18:12","modified_gmt":"2017-02-25T23:18:12","slug":"chicharito-dejaria-la-bundesliga-camila-sodi","status":"publish","type":"post","link":"http:\/\/desarrollo.grupomedios.com\/futbol\/futbol-internacional\/chicharito-dejaria-la-bundesliga-camila-sodi\/2017\/02","title":{"rendered":"Chicharito dejar\u00eda la Bundesliga por Camila Sodi"},"content":{"rendered":"<p>De acuerdo a medios nacionales e internacionales, el representante de <strong>Chicharito<\/strong> se encuentra dialogando con la MLS para que el delantero mexicano llegue al balompi\u00e9 norteamericano a partir de 2018. La suma que le ofrecen al ariete es tentativa pero una motivaci\u00f3n mayor habr\u00eda surgido para que tome la decisi\u00f3n: <strong>Camila Sodi<\/strong>.<\/p>\n<p>El sueldo que recibir\u00eda <strong>Chicharito<\/strong> en la MLS ser\u00eda de 9 millones de d\u00f3lares y llegar\u00eda en 2018 al balompi\u00e9 de Estados Unidos debido a que en ese a\u00f1o finaliza el contrato del delantero con el Bayer Leverkusen, pero la raz\u00f3n por la que el romperredes del <em>Tri<\/em> se decantar\u00eda por esa liga, ser\u00eda porque <strong>Camila Sodi<\/strong> radica all\u00e1 y est\u00e1 acostumbrada a la vida en el pa\u00eds norteamericano, seg\u00fan informa el portal de <em>Tiempo Real<\/em>.<\/p>\n<p style=\"text-align: center;\"><span style=\"color: #3366ff;\"><a style=\"color: #3366ff;\" href=\"https:\/\/www.futboltotal.com.mx\/2017\/02\/america-dejara-a-televisa\/\" target=\"_blank\"><strong>LEER M\u00c1S: \u00bfAm\u00e9rica dejar\u00e1 a Televisa?<\/strong><\/a><\/span><\/p>\n<p><a href=\"https:\/\/www.futboltotal.com.mx\/wp-content\/uploads\/2017\/02\/columna-chicharito.jpg\"><img decoding=\"async\" loading=\"lazy\" class=\"alignnone size-full wp-image-463899\" src=\"https:\/\/www.futboltotal.com.mx\/wp-content\/uploads\/2017\/02\/columna-chicharito.jpg\" alt=\"Chicharito dejar\u00eda la Bundesliga por Camila Sodi 0\" srcset=\"http:\/\/desarrollo.grupomedios.com\/futbol\/wp-content\/uploads\/2017\/02\/columna-chicharito.jpg 1136w, http:\/\/desarrollo.grupomedios.com\/futbol\/wp-content\/uploads\/2017\/02\/columna-chicharito-300x169.jpg 300w, http:\/\/desarrollo.grupomedios.com\/futbol\/wp-content\/uploads\/2017\/02\/columna-chicharito-768x432.jpg 768w, http:\/\/desarrollo.grupomedios.com\/futbol\/wp-content\/uploads\/2017\/02\/columna-chicharito-1024x576.jpg 1024w, http:\/\/desarrollo.grupomedios.com\/futbol\/wp-content\/uploads\/2017\/02\/columna-chicharito-317x178.jpg 317w, http:\/\/desarrollo.grupomedios.com\/futbol\/wp-content\/uploads\/2017\/02\/columna-chicharito-535x301.jpg 535w, http:\/\/desarrollo.grupomedios.com\/futbol\/wp-content\/uploads\/2017\/02\/columna-chicharito-374x210.jpg 374w\" sizes=\"(max-width: 1136px) 100vw, 1136px\" \/><\/a><\/p>\n<p><strong>S\u00edguenos en Twitter:<\/strong> <a href=\"https:\/\/twitter.com\/MXFutbolTotal\" target=\"_blank\">@MXFutbolTotal<\/a><\/p>\n","protected":false},"excerpt":{"rendered":"<p>La relaci\u00f3n entre el delantero y la actriz parece ir en serio.<\/p>\n","protected":false},"author":20,"featured_media":463902,"comment_status":"closed","ping_status":"closed","sticky":false,"template":"","format":"standard","meta":[],"categories":[5419,3839,6718],"tags":[119,5460,8198,120],"_links":{"self":[{"href":"http:\/\/desarrollo.grupomedios.com\/futbol\/wp-json\/wp\/v2\/posts\/463894"}],"collection":[{"href":"http:\/\/desarrollo.grupomedios.com\/futbol\/wp-json\/wp\/v2\/posts"}],"about":[{"href":"http:\/\/desarrollo.grupomedios.com\/futbol\/wp-json\/wp\/v2\/types\/post"}],"author":[{"embeddable":true,"href":"http:\/\/desarrollo.grupomedios.com\/futbol\/wp-json\/wp\/v2\/users\/20"}],"replies":[{"embeddable":true,"href":"http:\/\/desarrollo.grupomedios.com\/futbol\/wp-json\/wp\/v2\/comments?post=463894"}],"version-history":[{"count":0,"href":"http:\/\/desarrollo.grupomedios.com\/futbol\/wp-json\/wp\/v2\/posts\/463894\/revisions"}],"wp:featuredmedia":[{"embeddable":true,"href":"http:\/\/desarrollo.grupomedios.com\/futbol\/wp-json\/wp\/v2\/media\/463902"}],"wp:attachment":[{"href":"http:\/\/desarrollo.grupomedios.com\/futbol\/wp-json\/wp\/v2\/media?parent=463894"}],"wp:term":[{"taxonomy":"category","embeddable":true,"href":"http:\/\/desarrollo.grupomedios.com\/futbol\/wp-json\/wp\/v2\/categories?post=463894"},{"taxonomy":"post_tag","embeddable":true,"href":"http:\/\/desarrollo.grupomedios.com\/futbol\/wp-json\/wp\/v2\/tags?post=463894"}],"curies":[{"name":"wp","href":"https:\/\/api.w.org\/{rel}","templated":true}]}}