{"id":464503,"date":"2017-02-27T14:17:30","date_gmt":"2017-02-27T20:17:30","guid":{"rendered":"https:\/\/www.futboltotal.com.mx\/?p=464503"},"modified":"2017-02-27T19:04:46","modified_gmt":"2017-02-28T01:04:46","slug":"11-infame-la-jornada-8-del-clausura-2017","status":"publish","type":"post","link":"http:\/\/desarrollo.grupomedios.com\/futbol\/destacado-home\/11-infame-la-jornada-8-del-clausura-2017\/2017\/02","title":{"rendered":"El 11 infame de la Jornada 8 del Clausura 2017"},"content":{"rendered":"<p>En un intenso fin de semana de la <strong>Liga MX<\/strong> en el que Am\u00e9rica gan\u00f3 el Cl\u00e1sico Joven y agrav\u00f3 la crisis de <strong>Cruz Azul<\/strong>; las <strong>Chivas<\/strong> sufrieron una voltereta de locos ante <strong>Chiapas<\/strong> y <strong>Pumas<\/strong>\u00a0casi concret\u00f3\u00a0una gran remontada ante Gallos, los reflectores no solo apuntaron a los jugadores que figuraron en el 11 ideal, sino tambi\u00e9n a quienes tuvieron un bajo rendimiento, cometieron alguna pifia o, que simplemente, fallaron m\u00e1s de la cuenta.<\/p>\n<p>En <strong>Futbol Total<\/strong>, les seguimos la pista y al final los incluimos en el <strong>11 infame de la Jornada 8<\/strong>. \u00bfQui\u00e9n falta y quien sobra en esta alineaci\u00f3n?<\/p>\n<p><a href=\"https:\/\/www.futboltotal.com.mx\/wp-content\/uploads\/2017\/02\/11infameJornada8.jpg\"><img decoding=\"async\" loading=\"lazy\" class=\"aligncenter size-full wp-image-464554\" src=\"https:\/\/www.futboltotal.com.mx\/wp-content\/uploads\/2017\/02\/11infameJornada8.jpg\" alt=\"El 11 infame de la Jornada 8 del Clausura 2017 0\" srcset=\"http:\/\/desarrollo.grupomedios.com\/futbol\/wp-content\/uploads\/2017\/02\/11infameJornada8.jpg 858w, http:\/\/desarrollo.grupomedios.com\/futbol\/wp-content\/uploads\/2017\/02\/11infameJornada8-213x300.jpg 213w, http:\/\/desarrollo.grupomedios.com\/futbol\/wp-content\/uploads\/2017\/02\/11infameJornada8-768x1083.jpg 768w, http:\/\/desarrollo.grupomedios.com\/futbol\/wp-content\/uploads\/2017\/02\/11infameJornada8-726x1024.jpg 726w\" sizes=\"(max-width: 858px) 100vw, 858px\" \/><\/a><\/p>\n<p style=\"text-align: center;\"><span style=\"color: #3366ff;\">LEER M\u00c1S: Todas las noticias de futbol mexicano<\/span><\/p>\n<p align=\"justify\">Portero: <span style=\"color: #800000;\">Melit\u00f3n Hern\u00e1ndez |<\/span>\u00a0El arquero tuvo una mala salida y permiti\u00f3 que Jara le robara el esf\u00e9rico de las manos y anotar\u00e1 el \u00fanico gol del partido.<\/p>\n<p align=\"justify\">Lateral por derecha: <span style=\"color: #800000;\">Juli\u00e1n Vel\u00e1zquez |<\/span> Dio un gris partido y fue un cono que se quit\u00f3 Oribe Peralta con un desmarque en la jugada del primer gol de Am\u00e9rica.<\/p>\n<p align=\"justify\">Defensa central:\u00a0<span style=\"color: #800000;\">Hugo Ayala |<\/span>\u00a0Cometi\u00f3 un penalti con una dura entrada sobre Ra\u00fal Ruid\u00edaz que permiti\u00f3 a Morelia abrir el marcador.<\/p>\n<p align=\"justify\">Defensa central:<span style=\"color: #800000;\"> Edwin Sandez |<\/span>\u00a0Hizo malos recorridos por el sector izquierdo y le regal\u00f3 un penalti a Chivas al derribar a Pulido.<\/p>\n<p align=\"justify\">Lateral por izquierda: <span style=\"color: #800000;\">Dami\u00e1n P\u00e9rez |<\/span>\u00a0Cometi\u00f3 una entrada de c\u00e1rcel sobre Celso Ort\u00edz en la agon\u00eda del primer tiempo y se salv\u00f3 de la tarjeta roja.<\/p>\n<p align=\"justify\">Mediocampista:<span style=\"color: #800000;\"> El\u00edas Hern\u00e1ndez |<\/span>\u00a0Jam\u00e1s logr\u00f3 darle salida al Le\u00f3n por los costados y en labores defensivas estuvo perdido, como en el segundo gol, tratando de marcar a Barrag\u00e1n y Alustiza.<\/p>\n<p align=\"justify\">Mediocampista:<span style=\"color: #800000;\"> Rafael Baca |<\/span>\u00a0En 80 minutos hizo muy poco para frenar al Am\u00e9rica y lo peor fue la falla que tuvo tras abanicar un gran servicio dentro del \u00e1rea.<\/p>\n<p align=\"justify\">Mediocampista:<span style=\"color: #800000;\"> Carlos Guzm\u00e1n |<\/span>\u00a0Fue experimento fallido de Torrente ante Necaxa. Jam\u00e1s pudo ayudar a recuperar balones o desahogar en la salida al Le\u00f3n.<\/p>\n<p align=\"justify\">Mediocampista: <span style=\"color: #800000;\">Gabriel Hauche:<\/span> Tuvo en sus manos la posibilidad de anotar, pero fall\u00f3 incre\u00edblemente un pase de Triverio sobre la l\u00ednea de gol.<\/p>\n<p align=\"justify\">Delantero:<span style=\"color: #800000;\"> Jorge Ben\u00edtez |<\/span>\u00a0El Conejo fall\u00f3 dos ocasiones de gol cantadas. En la primera sac\u00f3 un tiro desviado dentro del \u00e1rea y despu\u00e9s fall\u00f3 un mano a mano con Marches\u00edn.<\/p>\n<p align=\"justify\">Delantero:<span style=\"color: #800000;\">\u00a0Rogelio Funes Mori |<\/span>\u00a0No hizo un buen partido y acab\u00f3 por fallar la \u00fanica ocasi\u00f3n clara de gol volando su remata por encima del larguero.<\/p>\n","protected":false},"excerpt":{"rendered":"<p>Te presentamos la lista de los villanos de la Liga MX durante el fin de semana.<\/p>\n","protected":false},"author":20,"featured_media":464586,"comment_status":"closed","ping_status":"closed","sticky":false,"template":"","format":"standard","meta":[],"categories":[5,2198,3845],"tags":[7732,3061],"_links":{"self":[{"href":"http:\/\/desarrollo.grupomedios.com\/futbol\/wp-json\/wp\/v2\/posts\/464503"}],"collection":[{"href":"http:\/\/desarrollo.grupomedios.com\/futbol\/wp-json\/wp\/v2\/posts"}],"about":[{"href":"http:\/\/desarrollo.grupomedios.com\/futbol\/wp-json\/wp\/v2\/types\/post"}],"author":[{"embeddable":true,"href":"http:\/\/desarrollo.grupomedios.com\/futbol\/wp-json\/wp\/v2\/users\/20"}],"replies":[{"embeddable":true,"href":"http:\/\/desarrollo.grupomedios.com\/futbol\/wp-json\/wp\/v2\/comments?post=464503"}],"version-history":[{"count":0,"href":"http:\/\/desarrollo.grupomedios.com\/futbol\/wp-json\/wp\/v2\/posts\/464503\/revisions"}],"wp:featuredmedia":[{"embeddable":true,"href":"http:\/\/desarrollo.grupomedios.com\/futbol\/wp-json\/wp\/v2\/media\/464586"}],"wp:attachment":[{"href":"http:\/\/desarrollo.grupomedios.com\/futbol\/wp-json\/wp\/v2\/media?parent=464503"}],"wp:term":[{"taxonomy":"category","embeddable":true,"href":"http:\/\/desarrollo.grupomedios.com\/futbol\/wp-json\/wp\/v2\/categories?post=464503"},{"taxonomy":"post_tag","embeddable":true,"href":"http:\/\/desarrollo.grupomedios.com\/futbol\/wp-json\/wp\/v2\/tags?post=464503"}],"curies":[{"name":"wp","href":"https:\/\/api.w.org\/{rel}","templated":true}]}}