{"id":464525,"date":"2017-02-27T10:51:26","date_gmt":"2017-02-27T16:51:26","guid":{"rendered":"https:\/\/www.futboltotal.com.mx\/?p=464525"},"modified":"2017-02-27T10:51:26","modified_gmt":"2017-02-27T16:51:26","slug":"alan-pulido-exploto-llamo-hipocritas-a-los-criticos-chivas","status":"publish","type":"post","link":"http:\/\/desarrollo.grupomedios.com\/futbol\/futbol-mexicano\/alan-pulido-exploto-llamo-hipocritas-a-los-criticos-chivas\/2017\/02","title":{"rendered":"Alan Pulido explot\u00f3 y llam\u00f3 hip\u00f3critas a los cr\u00edticos de Chivas"},"content":{"rendered":"<p>La inesperada derrota de las <strong>Chivas<\/strong> en su visita a <strong>Jaguares<\/strong> por <a href=\"https:\/\/www.futboltotal.com.mx\/2017\/02\/resultados-chiapas-4-3-chivas-liga-mx-clausura-2017\/\">escandaloso marcador de 4-3<\/a> no cay\u00f3 bien al interior del <em>Reba\u00f1o<\/em>, causando que algunos de sus futbolistas usaran las redes sociales para se\u00f1alar a los cr\u00edticos rojiblancos.<\/p>\n<p>Espec\u00edficamente el delantero <strong>Alan Pulido<\/strong> aprovech\u00f3 la exposici\u00f3n de Twitter para desviar la atenci\u00f3n de la ca\u00edda de los tapat\u00edos en el estadio Zoque hacia quienes guardaron silencio durante el tiempo que Chivas estaba sacando triunfos valiosos, pero ahora volv\u00edan a se\u00f1alar los traspi\u00e9s del cuadro de Mat\u00edas Almeyda.<\/p>\n<p>&#8220;Esos que hablan mal del equipo por el partido que perdimos y revientan sin saber, hace dos semanas estaban calladitos, jaja que hip\u00f3critas&#8221;, escribi\u00f3 Pulido en su cuenta.<\/p>\n<p>&nbsp;<\/p>\n<blockquote class=\"twitter-tweet\" data-lang=\"es\">\n<p dir=\"ltr\" lang=\"es\">esos que hablan mal del equipo por el partido que perdimos y revientan sin saber, hace dos semanas estaban calladitos, jaja que hip\u00f3critas <\/p>\n<p>\u2014 PULIDO 1\ufe0f\u20e37\ufe0f\u20e3 (@puliidooo) <a href=\"https:\/\/twitter.com\/puliidooo\/status\/836028850828115968\">27 de febrero de 2017<\/a><\/p><\/blockquote>\n<p><script async src=\"\/\/platform.twitter.com\/widgets.js\" charset=\"utf-8\"><\/script><\/p>\n<p><a href=\"https:\/\/www.futboltotal.com.mx\/2017\/02\/jaguares-trolleo-a-las-chivas-al-estilo-los-premios-oscar\/\">VER M\u00c1S: JAGUARES TROLLE\u00d3 A LAS CHIVAS AL ESTILO DE LOS PREMIOS OSCAR<\/a><\/p>\n<p class=\"p1\"><span class=\"s1\"><b>S\u00edguenos en Twitter<\/b>:\u00a0<a href=\"https:\/\/twitter.com\/MXFutbolTotal\"><span class=\"s2\">@MXFutbolTotal<\/span><\/a><\/span><\/p>\n","protected":false},"excerpt":{"rendered":"<p>El delantero del Reba\u00f1o record\u00f3 a los detractores del Reba\u00f1o que hasta hace semanas guardaban silencio.<\/p>\n","protected":false},"author":20,"featured_media":455020,"comment_status":"closed","ping_status":"closed","sticky":false,"template":"","format":"standard","meta":[],"categories":[2198,3845],"tags":[1607,70,7732,5963,64,4951,387],"_links":{"self":[{"href":"http:\/\/desarrollo.grupomedios.com\/futbol\/wp-json\/wp\/v2\/posts\/464525"}],"collection":[{"href":"http:\/\/desarrollo.grupomedios.com\/futbol\/wp-json\/wp\/v2\/posts"}],"about":[{"href":"http:\/\/desarrollo.grupomedios.com\/futbol\/wp-json\/wp\/v2\/types\/post"}],"author":[{"embeddable":true,"href":"http:\/\/desarrollo.grupomedios.com\/futbol\/wp-json\/wp\/v2\/users\/20"}],"replies":[{"embeddable":true,"href":"http:\/\/desarrollo.grupomedios.com\/futbol\/wp-json\/wp\/v2\/comments?post=464525"}],"version-history":[{"count":0,"href":"http:\/\/desarrollo.grupomedios.com\/futbol\/wp-json\/wp\/v2\/posts\/464525\/revisions"}],"wp:featuredmedia":[{"embeddable":true,"href":"http:\/\/desarrollo.grupomedios.com\/futbol\/wp-json\/wp\/v2\/media\/455020"}],"wp:attachment":[{"href":"http:\/\/desarrollo.grupomedios.com\/futbol\/wp-json\/wp\/v2\/media?parent=464525"}],"wp:term":[{"taxonomy":"category","embeddable":true,"href":"http:\/\/desarrollo.grupomedios.com\/futbol\/wp-json\/wp\/v2\/categories?post=464525"},{"taxonomy":"post_tag","embeddable":true,"href":"http:\/\/desarrollo.grupomedios.com\/futbol\/wp-json\/wp\/v2\/tags?post=464525"}],"curies":[{"name":"wp","href":"https:\/\/api.w.org\/{rel}","templated":true}]}}