{"id":464536,"date":"2017-02-27T12:53:49","date_gmt":"2017-02-27T18:53:49","guid":{"rendered":"https:\/\/www.futboltotal.com.mx\/?p=464536"},"modified":"2017-02-27T12:53:49","modified_gmt":"2017-02-27T18:53:49","slug":"causa-efecto-oribe-peralta","status":"publish","type":"post","link":"http:\/\/desarrollo.grupomedios.com\/futbol\/destacado-home\/causa-efecto-oribe-peralta\/2017\/02","title":{"rendered":"Causa y efecto de&#8230; Oribe Peralta"},"content":{"rendered":"<p><strong>Oribe Peralta<\/strong>, el h\u00e9roe del <strong>Am\u00e9rica<\/strong> en su \u00faltimo triunfo sobre el <strong>Cruz Azul<\/strong> en la jornada 8 del <strong>Clausura 2017<\/strong> de la Liga MX, es uno de los mayores ejemplos de perseverancia en busca del ansiado sue\u00f1o de triunfar en el futbol.<\/p>\n<p>Desde ni\u00f1o, Oribe mostr\u00f3 su talento como futbolista en\u00a0el ejido de\u00a0La Partida,\u00a0Torre\u00f3n, en una cancha a dos cuadras de su casa donde jugaba junto a su padre.<\/p>\n<p><a href=\"https:\/\/www.futboltotal.com.mx\/2017\/02\/resultado-liga-mx-america-2-0-cruz-azul\/\">VER M\u00c1S: AL HERMOSO NO LE VENDEN HUMO Y AM\u00c9RICA SE IMPUSO AL CRUZ AZUL<\/a><\/p>\n<div>El <em>Cepillo<\/em> so\u00f1aba con jugar futbol y que lo reconocieran en su localidad. Tal vez en ese entonces no se imaginaba que a\u00f1os despu\u00e9s ser\u00eda referente de clubes como <strong>Santos<\/strong>, las <em>\u00c1guilas<\/em> y la propia <strong>Selecci\u00f3n Mexicana<\/strong>, con la que alcanz\u00f3 la gloria del oro ol\u00edmpico.<\/div>\n<div><\/div>\n<div>Este es el Causa y Efecto de&#8230;\u00a0<strong>Oribe Peralta<\/strong>.<\/p>\n<p class=\"p1\"><span class=\"s1\">[video_player]https:\/\/player.vimeo.com\/external\/205926220.hd.mp4?s=0914307d77f7d3cac77f4258e0c9e76c410e612f&amp;profile_id=174|wide\u00a0[\/video_player]<\/span><\/p>\n<\/div>\n<div>\n<p class=\"p1\"><span class=\"s1\"><b>S\u00edguenos en Twitter<\/b>:\u00a0<a href=\"https:\/\/twitter.com\/MXFutbolTotal\"><span class=\"s2\">@MXFutbolTotal<\/span><\/a><\/span><\/p>\n<\/div>\n","protected":false},"excerpt":{"rendered":"<p>Desde ni\u00f1o, Oribe mostr\u00f3 su talento en el ejido de La Partida, Torre\u00f3n. Hoy, es figura de la Liga MX.<\/p>\n","protected":false},"author":20,"featured_media":448132,"comment_status":"closed","ping_status":"closed","sticky":false,"template":"","format":"standard","meta":[],"categories":[5,2198,3845],"tags":[1585,5959,7893,7895,7732,64,4950,62],"_links":{"self":[{"href":"http:\/\/desarrollo.grupomedios.com\/futbol\/wp-json\/wp\/v2\/posts\/464536"}],"collection":[{"href":"http:\/\/desarrollo.grupomedios.com\/futbol\/wp-json\/wp\/v2\/posts"}],"about":[{"href":"http:\/\/desarrollo.grupomedios.com\/futbol\/wp-json\/wp\/v2\/types\/post"}],"author":[{"embeddable":true,"href":"http:\/\/desarrollo.grupomedios.com\/futbol\/wp-json\/wp\/v2\/users\/20"}],"replies":[{"embeddable":true,"href":"http:\/\/desarrollo.grupomedios.com\/futbol\/wp-json\/wp\/v2\/comments?post=464536"}],"version-history":[{"count":0,"href":"http:\/\/desarrollo.grupomedios.com\/futbol\/wp-json\/wp\/v2\/posts\/464536\/revisions"}],"wp:featuredmedia":[{"embeddable":true,"href":"http:\/\/desarrollo.grupomedios.com\/futbol\/wp-json\/wp\/v2\/media\/448132"}],"wp:attachment":[{"href":"http:\/\/desarrollo.grupomedios.com\/futbol\/wp-json\/wp\/v2\/media?parent=464536"}],"wp:term":[{"taxonomy":"category","embeddable":true,"href":"http:\/\/desarrollo.grupomedios.com\/futbol\/wp-json\/wp\/v2\/categories?post=464536"},{"taxonomy":"post_tag","embeddable":true,"href":"http:\/\/desarrollo.grupomedios.com\/futbol\/wp-json\/wp\/v2\/tags?post=464536"}],"curies":[{"name":"wp","href":"https:\/\/api.w.org\/{rel}","templated":true}]}}