{"id":464561,"date":"2017-02-27T15:45:35","date_gmt":"2017-02-27T21:45:35","guid":{"rendered":"https:\/\/www.futboltotal.com.mx\/?p=464561"},"modified":"2017-02-27T16:34:54","modified_gmt":"2017-02-27T22:34:54","slug":"america-estaria-dispuesto-a-ir-claudio-ranieri","status":"publish","type":"post","link":"http:\/\/desarrollo.grupomedios.com\/futbol\/destacado-home\/america-estaria-dispuesto-a-ir-claudio-ranieri\/2017\/02","title":{"rendered":"Am\u00e9rica estar\u00eda dispuesto a ir por Claudio Ranieri"},"content":{"rendered":"<p><strong>Claudio Ranieri<\/strong>, ex entrenador del Leicester es uno de los estrategas que se encuentra sin trabajo luego de haber sido campe\u00f3n con los <em>Foxes<\/em> la pasada temporada en la Premier League.<\/p>\n<p>De acuerdo a <em>Publisport,<\/em> <strong>Ranieri<\/strong> est\u00e1 en la lista de <strong>Am\u00e9rica<\/strong> como posible relevo de Ricardo La Volpe para el siguiente torneo, pues el desempe\u00f1o del argentino no ha terminado por agradar a la directiva de las <em>\u00c1guilas.\u00a0<\/em><\/p>\n<p style=\"text-align: center;\"><a href=\"https:\/\/www.futboltotal.com.mx\/2017\/02\/causa-efecto-oribe-peralta\/\" target=\"_blank\">LEER M\u00c1S: Causa y efecto de\u2026 Oribe Peralta<\/a><\/p>\n<p>Hace algunas semanas se dio a conocer una declaraci\u00f3n por parte de<strong> Claudio<\/strong> en la que dec\u00eda &#8220;el futbol de M\u00e9xico es incre\u00edble&#8221; y coment\u00f3 que si un equipo estuviera interesado en sus servicios estar\u00eda incre\u00edble, as\u00ed lo coment\u00f3 en una entrevista que public\u00f3 <em>R\u00e9cord.\u00a0<\/em><\/p>\n<p>Solo queda esperar en los pr\u00f3ximos d\u00edas si se da conocer alguna informaci\u00f3n formal por parte de la gente del Am\u00e9rica o del entrenador italiano.<\/p>\n<p>S\u00edguenos en Twitter: <a href=\"https:\/\/twitter.com\/MXFutbolTotal\" target=\"_blank\">@MXFutbolTotal<\/a><\/p>\n","protected":false},"excerpt":{"rendered":"<p>Las \u00c1guilas estar\u00edan buscando hacerse de los servicios del italiano. <\/p>\n","protected":false},"author":20,"featured_media":464562,"comment_status":"closed","ping_status":"closed","sticky":false,"template":"","format":"standard","meta":[],"categories":[5,2198,3845],"tags":[5959,5025],"_links":{"self":[{"href":"http:\/\/desarrollo.grupomedios.com\/futbol\/wp-json\/wp\/v2\/posts\/464561"}],"collection":[{"href":"http:\/\/desarrollo.grupomedios.com\/futbol\/wp-json\/wp\/v2\/posts"}],"about":[{"href":"http:\/\/desarrollo.grupomedios.com\/futbol\/wp-json\/wp\/v2\/types\/post"}],"author":[{"embeddable":true,"href":"http:\/\/desarrollo.grupomedios.com\/futbol\/wp-json\/wp\/v2\/users\/20"}],"replies":[{"embeddable":true,"href":"http:\/\/desarrollo.grupomedios.com\/futbol\/wp-json\/wp\/v2\/comments?post=464561"}],"version-history":[{"count":0,"href":"http:\/\/desarrollo.grupomedios.com\/futbol\/wp-json\/wp\/v2\/posts\/464561\/revisions"}],"wp:featuredmedia":[{"embeddable":true,"href":"http:\/\/desarrollo.grupomedios.com\/futbol\/wp-json\/wp\/v2\/media\/464562"}],"wp:attachment":[{"href":"http:\/\/desarrollo.grupomedios.com\/futbol\/wp-json\/wp\/v2\/media?parent=464561"}],"wp:term":[{"taxonomy":"category","embeddable":true,"href":"http:\/\/desarrollo.grupomedios.com\/futbol\/wp-json\/wp\/v2\/categories?post=464561"},{"taxonomy":"post_tag","embeddable":true,"href":"http:\/\/desarrollo.grupomedios.com\/futbol\/wp-json\/wp\/v2\/tags?post=464561"}],"curies":[{"name":"wp","href":"https:\/\/api.w.org\/{rel}","templated":true}]}}