{"id":464590,"date":"2017-02-28T13:05:42","date_gmt":"2017-02-28T19:05:42","guid":{"rendered":"https:\/\/www.futboltotal.com.mx\/?p=464590"},"modified":"2017-02-28T14:40:13","modified_gmt":"2017-02-28T20:40:13","slug":"en-vivo-real-sociedad-vs-eibar-la-liga","status":"publish","type":"post","link":"http:\/\/desarrollo.grupomedios.com\/futbol\/futbol-internacional\/en-vivo-real-sociedad-vs-eibar-la-liga\/2017\/02","title":{"rendered":"As\u00ed se vivi\u00f3 | Real Sociedad 2-2 Eibar | La Liga"},"content":{"rendered":"<p><strong>Bienvenidos a nuestro minuto a minuto entre la Real Sociedad y el Eibar. Presiola actualizar o F5 para seguir las acciones al instante.<\/strong><\/p>\n<p>&nbsp;<\/p>\n<p><span style=\"color: #ff0000;\">90+3 |<\/span> Termina el partido. De \u00faltimo minuto, Pedro Le\u00f3n da el empate a la visita.<\/p>\n<p><span style=\"color: #ff0000;\">90:00 |<\/span> \u00a1GOOOOOOOOOL DEL EIBAR! Pedro Le\u00f3n dispara y Rulli no ataja bien el disparo. Empata la visita.<\/p>\n<p><span style=\"color: #ff0000;\">87:00 |<\/span> Cambio de la Real Sociedad. Se va Carlos Vela entre aplausos y entra Sergio Canales.<\/p>\n<p><span style=\"color: #ff0000;\">84:00 |<\/span> \u00a1Cerca Oyarzabal! Gran jugada de Vela quit\u00e1ndose a los rivales y deja solo a su compa\u00f1ero que manda el bal\u00f3n afuera.<\/p>\n<p><span style=\"color: #ff0000;\">77:00 |<\/span> La Real Sociedad ya domina el partido y busca incrementar el marcador.<\/p>\n<p><span style=\"color: #ff0000;\">73:00 |<\/span> As\u00ed fue el cobro del mexicano para dar la ventaja a su equipo.<\/p>\n<blockquote class=\"twitter-video\" data-lang=\"es\">\n<p dir=\"ltr\" lang=\"es\">Gol de Carlos Vela. GOOOOOOL del mexicano y ya lo gana la Real 2-1. <a href=\"https:\/\/t.co\/NKaEEv6beF\">pic.twitter.com\/NKaEEv6beF<\/a><\/p>\n<p>\u2014 oscar ramirez (@oscar_sanram) <a href=\"https:\/\/twitter.com\/oscar_sanram\/status\/836666676590469121\">28 de febrero de 2017<\/a><\/p><\/blockquote>\n<p><script async src=\"\/\/platform.twitter.com\/widgets.js\" charset=\"utf-8\"><\/script><\/p>\n<p><span style=\"color: #ff0000;\">70:00 |<\/span> Vela prueba y el arquero Tello manda a tiro de esquina.<\/p>\n<p><span style=\"color: #ff0000;\">67:00 |<\/span> \u00a1GOOOOOOOOOOL DE LA REAL SOCIEDAD! Carlos Vela cobra el penal de manera perfecta.<\/p>\n<p><span style=\"color: #ff0000;\">65:00 |<\/span> \u00a1PEEEEENAAAL PARA LA REAL SOCIEDAD! Los locales tendr\u00e1n la oportunidad de tomar ventaja. Se viene Vela.<\/p>\n<p><span style=\"color: #ff0000;\">62:00 |<\/span> Parece que la Real Sociedad despert\u00f3 desde la expulsi\u00f3n de Juanmi.<\/p>\n<p><span style=\"color: #ff0000;\">57:30 |<\/span> Cambio de la Real Sociedad. Entra Esteban Granero y sale Zurrutuza.<\/p>\n<p><span style=\"color: #ff0000;\">57:00 |<\/span> Qu\u00e9 error de Juanmi. El delantero jala en campo contrario a un jugador del Eibar y el atacante de la Real recibe su segunda amarilla para emparejar el partido.<\/p>\n<p><span style=\"color: #ff0000;\">55:00 |<\/span> La Real buscar\u00e1 aprovechar su ventaja, aunque todav\u00eda no genera peligro.<\/p>\n<p><span style=\"color: #ff0000;\">50:00 |<\/span> Los visitantes comienzan a echarse hacia atr\u00e1s luego de la expulsi\u00f3n.<\/p>\n<p><span style=\"color: #ff0000;\">47:00 |<\/span> \u00a1Roja para Lejeune! El Eibar se queda con 10<\/p>\n<p><span style=\"color: #ff0000;\">45:01 |<\/span> Inicia la segunda mitad en Anoeta.<\/p>\n<p><span style=\"color: #ff0000;\">45:00 |<\/span> \u00a1Se termina el primer tiempo! La Real Sociedad y el Eibar empatan 1-1.<\/p>\n<p><span style=\"color: #ff0000;\">42:00 |<\/span> Se acerca la Real Sociedad.<\/p>\n<blockquote class=\"twitter-tweet\" data-lang=\"es\">\n<p dir=\"ltr\" lang=\"es\">42&#8242; El rechace a punto de favorecer a la Real, lo seguimos intentando!!! 1-1 <a href=\"https:\/\/twitter.com\/hashtag\/RealSociedadEibar?src=hash\">#RealSociedadEibar<\/a><\/p>\n<p>\u2014 Real Sociedad F\u00fatbol (@RealSociedad) <a href=\"https:\/\/twitter.com\/RealSociedad\/status\/836655942913536002\">28 de febrero de 2017<\/a><\/p><\/blockquote>\n<p><script async src=\"\/\/platform.twitter.com\/widgets.js\" charset=\"utf-8\"><\/script><\/p>\n<p><span style=\"color: #ff0000;\">37:00 |<\/span> Zurutuza se equivoca y Pedro Le\u00f3n casi marca el segundo para la visita.<\/p>\n<p><span style=\"color: #ff0000;\">31:00 |<\/span> El Eibar poco a poco comienza a ser mejor que la Real. Rulli ya empeiza a tener m\u00e1s trabajo.<\/p>\n<p><span style=\"color: #ff0000;\">28:00 |<\/span> Cerca Carlos Vela. Xabi Prieto habilita al mexicano y el delantero apenas puntea la bola que detiene bien el arquero de Rico.<\/p>\n<blockquote class=\"twitter-tweet\" data-lang=\"es\">\n<p dir=\"ltr\" lang=\"es\">31&#8242; Qu\u00e9 poco le ha faltado a <a href=\"https:\/\/twitter.com\/11carlosV\">@11carlosV<\/a> para poner el 2-1 en esta acci\u00f3n 1-1 <a href=\"https:\/\/twitter.com\/hashtag\/RealSociedadEibar?src=hash\">#RealSociedadEibar<\/a> <a href=\"https:\/\/t.co\/er1U5JZdiO\">pic.twitter.com\/er1U5JZdiO<\/a><\/p>\n<p>\u2014 Real Sociedad F\u00fatbol (@RealSociedad) <a href=\"https:\/\/twitter.com\/RealSociedad\/status\/836653289836019712\">28 de febrero de 2017<\/a><\/p><\/blockquote>\n<p><script async src=\"\/\/platform.twitter.com\/widgets.js\" charset=\"utf-8\"><\/script><\/p>\n<p><span style=\"color: #ff0000;\">25:00 |<\/span> \u00a1GOOOOOL DEL EIBAR! Escalante remata solo en tiro de esquina e igual la pizarra.<\/p>\n<p><span style=\"color: #ff0000;\">24:00 |<\/span> \u00a1Se salva la Real! Pedro Le\u00f3n remata y Ger\u00f3nimo Rulli ataja abajo para enviar al tiro de esquina.<\/p>\n<p><span style=\"color: #ff0000;\">22:00 |<\/span> Gran juego de Carlos Vela. El Eibar presiona al mexicano con tres y sale bien el delantero.<\/p>\n<p><span style=\"color: #ff0000;\">20:00 |<\/span> El Eibar adelanta l\u00edneas en la b\u00fasqueda del empate.<\/p>\n<p><span style=\"color: #ff0000;\">17:00 |<\/span> Disparo de Carlos Vela y contiene bien el arquero Tello.<\/p>\n<p><span style=\"color: #ff0000;\">14:00 |<\/span> \u00a1GOOOOOOL DE LA REAL SOCIEDAD! Juanmi mete gran remate de cabeza y abre el marcador para los locales.<\/p>\n<p><span style=\"color: #ff0000;\">11:00 |<\/span> El Eibar comienza a buscar salir hacia el campo contrario.<\/p>\n<p><span style=\"color: #800000;\">7:00 |<\/span> La Real Sociedad comienza a tomar posesi\u00f3n, mientras el Eibar espera al contragolpe.<\/p>\n<p><span style=\"color: #ff0000;\">5:30 |<\/span> \u00a1Cerca Vela! El mexicano quiso sorprender con disparo al poste del arquero pero no tuvo efectividad.<\/p>\n<p><span style=\"color: #ff0000;\">5:00 |<\/span> Falta de Pedr\u00f3 Le\u00f3n y el jugador del Eibar es amonestado. Cobrar\u00e1 Carlos Vela.<\/p>\n<p><span style=\"color: #ff0000;\">3:00 |<\/span> Juanmi intenta el primer disparo para la Real y controla bien el arquero.<\/p>\n<p><span style=\"color: #ff0000;\">2:00 |<\/span> La cancha de Anoeta est\u00e1 sufriendo por la intensa lluvia.<\/p>\n<p><span style=\"color: #ff0000;\">0:01 |<\/span> Inicia el partido en San Sebast\u00edan. Ya juega la Real Sociedad.<\/p>\n<p>| Estos son los 11 del Eibar.<\/p>\n<blockquote class=\"twitter-tweet\" data-lang=\"es\">\n<p dir=\"ltr\" lang=\"fi\">HAMAIKAKOA | ALINEACI\u00d3N | LINE UP<a href=\"https:\/\/twitter.com\/hashtag\/RealSociedadEibar?src=hash\">#RealSociedadEibar<\/a> <a href=\"https:\/\/twitter.com\/hashtag\/AupaEibar?src=hash\">#AupaEibar<\/a> <a href=\"https:\/\/t.co\/2zcQkHnMGt\">pic.twitter.com\/2zcQkHnMGt<\/a><\/p>\n<p>\u2014 SD Eibar (@SDEibar) <a href=\"https:\/\/twitter.com\/SDEibar\/status\/836634892054179840\">28 de febrero de 2017<\/a><\/p><\/blockquote>\n<p><script async src=\"\/\/platform.twitter.com\/widgets.js\" charset=\"utf-8\"><\/script><\/p>\n<p>| Aqu\u00ed la alineaci\u00f3n del equipo local.<\/p>\n<blockquote class=\"twitter-tweet\" data-lang=\"es\">\n<p dir=\"ltr\" lang=\"es\">&#x1f4cb;\u00a0Ya tenemos alineaci\u00f3n para el partido ante la <a href=\"https:\/\/twitter.com\/SDEibar\">@SDEibar<\/a>. Aupa Real! <a href=\"https:\/\/twitter.com\/hashtag\/RealSociedadEibar?src=hash\">#RealSociedadEibar<\/a> <a href=\"https:\/\/t.co\/ZUzo1GMTPe\">pic.twitter.com\/ZUzo1GMTPe<\/a><\/p>\n<p>\u2014 Real Sociedad F\u00fatbol (@RealSociedad) <a href=\"https:\/\/twitter.com\/RealSociedad\/status\/836629184101429254\">28 de febrero de 2017<\/a><\/p><\/blockquote>\n<p><script async src=\"\/\/platform.twitter.com\/widgets.js\" charset=\"utf-8\"><\/script><\/p>\n<p>| El equipo del mexicano, Carlos Vela, buscar\u00e1 seguir con el buen paso en la Liga.<\/p>\n<p>|Bienvenidos a nuestro\u00a0 minuto a minuto entre la Real Sociedad y el Eibar.<\/p>\n<p>Previo<\/p>\n<p><strong>Real Sociedad<\/strong>\u00a0vs\u00a0<strong>Eibar <\/strong>es uno de los juegos con lucha por los puestos europeos en juego, ya que s\u00f3lo les separan seis puntos y dos posiciones en la clasificaci\u00f3n en favor de los donostiarras.<\/p>\n<p>Un triunfo de los blanquiazules alejar\u00eda mucho a los eibarreses y la clasificaci\u00f3n continental quedar\u00eda m\u00e1s clarificada para una Real que sigue anclada en esa quinta posici\u00f3n tras su afortunada victoria en Las Palmas.<\/p>\n<p>El <strong>Eibar<\/strong> nunca ha ganado en Anoeta, tampoco lo ha hecho Jos\u00e9 Luis Mendilibar cuando estaba al frente de Osasuna y ahora con los armeros, pero tambi\u00e9n es cierto que siempre est\u00e1 muy cerca de hacerlo y s\u00f3lo peque\u00f1os matices le han impedido conseguirlo.<\/p>\n<p>&nbsp;<\/p>\n<blockquote class=\"twitter-video\" data-lang=\"es\">\n<p dir=\"ltr\" lang=\"es\">&#x1f3a5; <a href=\"https:\/\/twitter.com\/hashtag\/RSFlash?src=hash\">#RSFlash<\/a> &#8211; Eusebio: &#8220;Esperamos tener el apoyo que estamos teniendo en cada partido y que los aficionados disfruten&#8221;. <a href=\"https:\/\/twitter.com\/hashtag\/RealSociedad?src=hash\">#RealSociedad<\/a> <a href=\"https:\/\/t.co\/GxsZnXIvj5\">pic.twitter.com\/GxsZnXIvj5<\/a><\/p>\n<p>\u2014 Real Sociedad F\u00fatbol (@RealSociedad) <a href=\"https:\/\/twitter.com\/RealSociedad\/status\/836304928016474112\">27 de febrero de 2017<\/a><\/p><\/blockquote>\n<p><script async src=\"\/\/platform.twitter.com\/widgets.js\" charset=\"utf-8\"><\/script><\/p>\n<p>Eusebio Sacrist\u00e1n podr\u00eda introducir alg\u00fan cambio para refrescar a un once titular que tiene ya muchos minutos y kil\u00f3metros acumulados en sus piernas o esperar a la siguiente jornada contra el Betis para dar descanso a sus hombres m\u00e1s castigados.<\/p>\n<p>Los realistas llegan muy bien a este partido, con tres victorias en los \u00faltimos cuatro partidos y Gero Rulli convertido en uno de sus mejores jugadores tras su gran actuaci\u00f3n en el estadio Gran Canaria, donde fue clave para el triunfo final (0-1).<\/p>\n","protected":false},"excerpt":{"rendered":"<p>Real Sociedad permanece con la ilusi\u00f3n de alcanzar puestos europeos.<\/p>\n","protected":false},"author":144,"featured_media":464672,"comment_status":"closed","ping_status":"closed","sticky":false,"template":"","format":"standard","meta":[],"categories":[3839,3844,6718],"tags":[7614,76,102],"_links":{"self":[{"href":"http:\/\/desarrollo.grupomedios.com\/futbol\/wp-json\/wp\/v2\/posts\/464590"}],"collection":[{"href":"http:\/\/desarrollo.grupomedios.com\/futbol\/wp-json\/wp\/v2\/posts"}],"about":[{"href":"http:\/\/desarrollo.grupomedios.com\/futbol\/wp-json\/wp\/v2\/types\/post"}],"author":[{"embeddable":true,"href":"http:\/\/desarrollo.grupomedios.com\/futbol\/wp-json\/wp\/v2\/users\/144"}],"replies":[{"embeddable":true,"href":"http:\/\/desarrollo.grupomedios.com\/futbol\/wp-json\/wp\/v2\/comments?post=464590"}],"version-history":[{"count":0,"href":"http:\/\/desarrollo.grupomedios.com\/futbol\/wp-json\/wp\/v2\/posts\/464590\/revisions"}],"wp:featuredmedia":[{"embeddable":true,"href":"http:\/\/desarrollo.grupomedios.com\/futbol\/wp-json\/wp\/v2\/media\/464672"}],"wp:attachment":[{"href":"http:\/\/desarrollo.grupomedios.com\/futbol\/wp-json\/wp\/v2\/media?parent=464590"}],"wp:term":[{"taxonomy":"category","embeddable":true,"href":"http:\/\/desarrollo.grupomedios.com\/futbol\/wp-json\/wp\/v2\/categories?post=464590"},{"taxonomy":"post_tag","embeddable":true,"href":"http:\/\/desarrollo.grupomedios.com\/futbol\/wp-json\/wp\/v2\/tags?post=464590"}],"curies":[{"name":"wp","href":"https:\/\/api.w.org\/{rel}","templated":true}]}}