{"id":464599,"date":"2017-02-27T20:39:51","date_gmt":"2017-02-28T02:39:51","guid":{"rendered":"https:\/\/www.futboltotal.com.mx\/?p=464599"},"modified":"2017-02-27T20:39:51","modified_gmt":"2017-02-28T02:39:51","slug":"disciplinaria-abre-procedimiento-codazo-pereira-a-fabbro","status":"publish","type":"post","link":"http:\/\/desarrollo.grupomedios.com\/futbol\/futbol-mexicano\/disciplinaria-abre-procedimiento-codazo-pereira-a-fabbro\/2017\/02","title":{"rendered":"Disciplinaria abre procedimiento por codazo de Pereira a Fabbro"},"content":{"rendered":"<p>La Comisi\u00f3n Disciplinaria abri\u00f3 un procedimiento para investigar el codazo que le propin\u00f3 <strong>Jair Pereira<\/strong> a <strong>Jonathan Fabbro<\/strong> en el duelo de <strong>Chiapas vs Chivas<\/strong> el domingo pasado, en donde el equipo local se llev\u00f3 la victoria.<\/p>\n<p>Hasta esta tarde se hab\u00eda anunciado que <strong>Jaguares<\/strong> no hab\u00eda solicitado la investigaci\u00f3n, pero hace algunos minutos la Federaci\u00f3n lanz\u00f3 un comunicado en donde aclaran que han abierto el procedimiento.<\/p>\n<p style=\"text-align: center;\"><a href=\"https:\/\/www.futboltotal.com.mx\/2017\/02\/castigan-estadio-del-veracruz-1-juego-tuca-se-va-2-partidos\/\" target=\"_blank\">LEER M\u00c1S: Castigan estadio del Veracruz s\u00f3lo 1 juego; Tuca se va 2 partidos<\/a><\/p>\n<blockquote><p>&#8220;La Comisi\u00f3n Disciplinaria, informa que abri\u00f3 de oficio un procedimiento de investigaci\u00f3n, derivado de los hechos sucedidos durante el encuentro entre los\u00a0 clubes Jaguares de Chiapas vs. Guadalajara, correspondiente a la Jornada 8 del Torneo Clausura 2017 de la LIGA MX. En el cual se vieron involucrados los jugadores Jonathan Fabbro del equipo local y el defensor Jair Pareira de Chivas, en el cual result\u00f3 lesionado el jugador chiapaneco&#8221;,\u00a0se puede leer en el comunicado.<\/p><\/blockquote>\n<p><strong>Jonathan Fabbro<\/strong> fue operado este lunes por una fractura de tabique que le ocasion\u00f3 el golpe que le dio Pereira durante el juego y que le impidi\u00f3 terminar el partido. Se espera que en los pr\u00f3ximos d\u00edas se de a conocer si habr\u00e1 sanci\u00f3n sobre el defensor de <strong>Chivas<\/strong> o no.<\/p>\n<p>S\u00edguenos en Twitter: <a href=\"https:\/\/twitter.com\/MXFutbolTotal\" target=\"_blank\">@MXFutbolTotal<\/a><\/p>\n","protected":false},"excerpt":{"rendered":"<p>En los pr\u00f3ximos d\u00edas se dar\u00e1 a conocer la sanci\u00f3n. <\/p>\n","protected":false},"author":20,"featured_media":464600,"comment_status":"closed","ping_status":"closed","sticky":false,"template":"","format":"standard","meta":[],"categories":[2198,3845],"tags":[5964,70],"_links":{"self":[{"href":"http:\/\/desarrollo.grupomedios.com\/futbol\/wp-json\/wp\/v2\/posts\/464599"}],"collection":[{"href":"http:\/\/desarrollo.grupomedios.com\/futbol\/wp-json\/wp\/v2\/posts"}],"about":[{"href":"http:\/\/desarrollo.grupomedios.com\/futbol\/wp-json\/wp\/v2\/types\/post"}],"author":[{"embeddable":true,"href":"http:\/\/desarrollo.grupomedios.com\/futbol\/wp-json\/wp\/v2\/users\/20"}],"replies":[{"embeddable":true,"href":"http:\/\/desarrollo.grupomedios.com\/futbol\/wp-json\/wp\/v2\/comments?post=464599"}],"version-history":[{"count":0,"href":"http:\/\/desarrollo.grupomedios.com\/futbol\/wp-json\/wp\/v2\/posts\/464599\/revisions"}],"wp:featuredmedia":[{"embeddable":true,"href":"http:\/\/desarrollo.grupomedios.com\/futbol\/wp-json\/wp\/v2\/media\/464600"}],"wp:attachment":[{"href":"http:\/\/desarrollo.grupomedios.com\/futbol\/wp-json\/wp\/v2\/media?parent=464599"}],"wp:term":[{"taxonomy":"category","embeddable":true,"href":"http:\/\/desarrollo.grupomedios.com\/futbol\/wp-json\/wp\/v2\/categories?post=464599"},{"taxonomy":"post_tag","embeddable":true,"href":"http:\/\/desarrollo.grupomedios.com\/futbol\/wp-json\/wp\/v2\/tags?post=464599"}],"curies":[{"name":"wp","href":"https:\/\/api.w.org\/{rel}","templated":true}]}}