{"id":464635,"date":"2017-02-28T11:28:08","date_gmt":"2017-02-28T17:28:08","guid":{"rendered":"https:\/\/www.futboltotal.com.mx\/?p=464635"},"modified":"2017-02-28T11:28:08","modified_gmt":"2017-02-28T17:28:08","slug":"nike-lanza-hypervenom-3-strike-night-evento-especial","status":"publish","type":"post","link":"http:\/\/desarrollo.grupomedios.com\/futbol\/futbol-internacional\/nike-lanza-hypervenom-3-strike-night-evento-especial\/2017\/02","title":{"rendered":"Nike lanza el Hypervenom 3 Strike Night con un evento especial"},"content":{"rendered":"<p>Luego del lanzamiento a nivel mundial del <strong>Nike Hypervenom 3<\/strong>, ahora la compa\u00f1\u00eda ha presentado el <strong>Hypervenom 3 Strike Night<\/strong>.<\/p>\n<p>La diferencia m\u00e1s notable es el espectacular color negro de esta nueva edici\u00f3n, que igual que su antecesora cuenta con la estructura de Flyknit que envuelve el pie por completo.<\/p>\n<p style=\"text-align: center;\"><a href=\"https:\/\/www.futboltotal.com.mx\/2017\/02\/nike-presento-en-mexico-nuevo-espectacular-hypervenom-3\/\" target=\"_blank\"><span style=\"color: #3366ff;\"><strong>LEER M\u00c1S:\u00a0Nike present\u00f3 en M\u00e9xico el nuevo y espectacular<\/strong><\/span><\/a><\/p>\n<p>Adem\u00e1s, el<strong>\u00a0Hypervenom 3 Strike Night<\/strong> combina zonas de elasticidad tanto en el corte alto -en las que cuentan con Cuello Dynamic Fit- como en la versi\u00f3n de corte bajo.<\/p>\n<p>Como parte del lanzamiento, <strong>Nike<\/strong> organiz\u00f3 una espectacular competencia en la que tomar\u00e1n parte ocho de los mejores goleadores del mundo, incluyendo a Pierre-Emerick Aubameyang, Harry Kane y Marcus Rashford utilizar\u00e1n el nuevo calzado.<\/p>\n<div id=\"gallery1Np\" style=\"display:none;\"><img alt=\"\" src=\"http:\/\/desarrollo.grupomedios.com\/futbol\/wp-content\/uploads\/2017\/02\/NIKE-1.jpg\" data-image=\"http:\/\/desarrollo.grupomedios.com\/futbol\/wp-content\/uploads\/2017\/02\/NIKE-1.jpg\" data-description=\"NIKE-1\"><img alt=\"\" src=\"http:\/\/desarrollo.grupomedios.com\/futbol\/wp-content\/uploads\/2017\/02\/Nike-2.jpg\" data-image=\"http:\/\/desarrollo.grupomedios.com\/futbol\/wp-content\/uploads\/2017\/02\/Nike-2.jpg\" data-description=\"Nike-2\"><img alt=\"\" src=\"http:\/\/desarrollo.grupomedios.com\/futbol\/wp-content\/uploads\/2017\/02\/Nike-3.jpg\" data-image=\"http:\/\/desarrollo.grupomedios.com\/futbol\/wp-content\/uploads\/2017\/02\/Nike-3.jpg\" data-description=\"Nike-3\"><img alt=\"\" src=\"http:\/\/desarrollo.grupomedios.com\/futbol\/wp-content\/uploads\/2017\/02\/Nike-4.jpg\" data-image=\"http:\/\/desarrollo.grupomedios.com\/futbol\/wp-content\/uploads\/2017\/02\/Nike-4.jpg\" data-description=\"Nike-4\"><img alt=\"\" src=\"http:\/\/desarrollo.grupomedios.com\/futbol\/wp-content\/uploads\/2017\/02\/Nike-5.jpg\" data-image=\"http:\/\/desarrollo.grupomedios.com\/futbol\/wp-content\/uploads\/2017\/02\/Nike-5.jpg\" data-description=\"Nike-5\"><img alt=\"\" src=\"http:\/\/desarrollo.grupomedios.com\/futbol\/wp-content\/uploads\/2017\/02\/Nike-6.jpg\" data-image=\"http:\/\/desarrollo.grupomedios.com\/futbol\/wp-content\/uploads\/2017\/02\/Nike-6.jpg\" data-description=\"Nike-6\"><\/div>\n        <script>\n        \/\/galeria 1\n        jQuery(document).ready(function(){ \n            var api;\n            api = jQuery(\"#gallery1Np\").unitegallery({\n                carousel_autoplay: false\n            }); \n        });\n        <\/script>\n        \n<p>Ser\u00e1 una competencia cara a cara entre los atacantes m\u00e1s entre los atacantes m\u00e1s letales en la que solo uno de ellos saldr\u00e1 victorioso.<\/p>\n<p>La batalla se llevar\u00e1 a cabo el mi\u00e9rcoles 1 de marzo en Londres (12:45 pm, hora local; 06:45 am hora del centro de M\u00e9xico), ser\u00e1 transmitida a trav\u00e9s de Facebook Live. Pueden seguirla en este link <a href=\"http:\/\/gonike.me\/StrikeNight\" target=\"_blank\"><span style=\"color: #3366ff;\"><strong>http:\/\/gonike.me\/StrikeNight<\/strong><\/span><\/a><\/p>\n<p style=\"text-align: center;\"><a href=\"https:\/\/www.futboltotal.com.mx\/2017\/02\/nike-presenta-radiation-flare-pack-nuevo-hypervenom-3\/\" target=\"_blank\"><span style=\"color: #3366ff;\"><strong>LEER M\u00c1S: Nike presenta: Radiation Flare Pack, con el nuevo Hypervenom 3<\/strong><\/span><\/a><\/p>\n<p><strong>Hypervenom 3 Strike Night<\/strong> ya est\u00e1 disponible en <a href=\"http:\/\/www.nike.com\/mx\/es_la\/\" target=\"_blank\"><span style=\"color: #3366ff;\"><strong>nike.com<\/strong><\/span><\/a> y a partir del 2 de marzo llegar\u00e1 a tiendas deportivas de todo el pa\u00eds.<\/p>\n<p><a href=\"https:\/\/twitter.com\/MXFutbolTotal\" target=\"_blank\"><span style=\"color: #3366ff;\"><strong>S\u00edguenos en Twitter: @MXFutbolTotal<\/strong><\/span><\/a><\/p>\n","protected":false},"excerpt":{"rendered":"<p>Delanteros de la talla de Pierre-Emerick Aubameyang participar\u00e1n en el Strike Night de Nike.<\/p>\n","protected":false},"author":20,"featured_media":464650,"comment_status":"closed","ping_status":"closed","sticky":false,"template":"","format":"standard","meta":[],"categories":[3839,5951],"tags":[6000,5861,119,5925,7383,8014,603,377,8288,5078,334],"_links":{"self":[{"href":"http:\/\/desarrollo.grupomedios.com\/futbol\/wp-json\/wp\/v2\/posts\/464635"}],"collection":[{"href":"http:\/\/desarrollo.grupomedios.com\/futbol\/wp-json\/wp\/v2\/posts"}],"about":[{"href":"http:\/\/desarrollo.grupomedios.com\/futbol\/wp-json\/wp\/v2\/types\/post"}],"author":[{"embeddable":true,"href":"http:\/\/desarrollo.grupomedios.com\/futbol\/wp-json\/wp\/v2\/users\/20"}],"replies":[{"embeddable":true,"href":"http:\/\/desarrollo.grupomedios.com\/futbol\/wp-json\/wp\/v2\/comments?post=464635"}],"version-history":[{"count":0,"href":"http:\/\/desarrollo.grupomedios.com\/futbol\/wp-json\/wp\/v2\/posts\/464635\/revisions"}],"wp:featuredmedia":[{"embeddable":true,"href":"http:\/\/desarrollo.grupomedios.com\/futbol\/wp-json\/wp\/v2\/media\/464650"}],"wp:attachment":[{"href":"http:\/\/desarrollo.grupomedios.com\/futbol\/wp-json\/wp\/v2\/media?parent=464635"}],"wp:term":[{"taxonomy":"category","embeddable":true,"href":"http:\/\/desarrollo.grupomedios.com\/futbol\/wp-json\/wp\/v2\/categories?post=464635"},{"taxonomy":"post_tag","embeddable":true,"href":"http:\/\/desarrollo.grupomedios.com\/futbol\/wp-json\/wp\/v2\/tags?post=464635"}],"curies":[{"name":"wp","href":"https:\/\/api.w.org\/{rel}","templated":true}]}}