{"id":464681,"date":"2017-02-28T14:03:24","date_gmt":"2017-02-28T20:03:24","guid":{"rendered":"https:\/\/www.futboltotal.com.mx\/?p=464681"},"modified":"2017-02-28T14:03:24","modified_gmt":"2017-02-28T20:03:24","slug":"marco-fabian-eintracht-van-a-semifinales-copa","status":"publish","type":"post","link":"http:\/\/desarrollo.grupomedios.com\/futbol\/futbol-internacional\/marco-fabian-eintracht-van-a-semifinales-copa\/2017\/02","title":{"rendered":"Marco Fabi\u00e1n y Eintracht van a semifinales de Copa"},"content":{"rendered":"<p>El <strong>Eintracht Frankfurt<\/strong> recuper\u00f3 sensaciones tras la derrota que sufri\u00f3 el fin de semana pasado ante el Hertha Berl\u00edn y este martes clasific\u00f3 a las semifinales de la DFB Pokal al derrotar (1-0) al Arminia Bielefeld de la segunda divisi\u00f3n alemana.<\/p>\n<p>Sin el mexicano <strong>Marco Fabi\u00e1n<\/strong>, quien no fue convocado porque aun no se recupera de una lesi\u00f3n en la cadera, las \u00c1guilas consiguieron la victoria sostenidos por el arquero Lukas\u00a0Hradecky, quien ataj\u00f3 al menos tres ocasiones claras de gol, y lanzados por un gol de\u00a0Danny Blum marcado al minuto 6.<\/p>\n<p style=\"text-align: center;\"><span style=\"color: #3366ff;\">LEER M\u00c1S: Todas las noticias de futbol internacional <\/span><\/p>\n<blockquote class=\"twitter-tweet\" data-lang=\"es\">\n<p dir=\"ltr\" lang=\"es\">90+3&#8242; \u00a1Estamos en Semifinales de la <a href=\"https:\/\/twitter.com\/DFB_Pokal\">@DFB_Pokal<\/a>!  <a href=\"https:\/\/twitter.com\/hashtag\/Eintracht?src=hash\">#Eintracht<\/a> 1-0 <a href=\"https:\/\/twitter.com\/arminia\">@arminia<\/a> <a href=\"https:\/\/twitter.com\/hashtag\/SGEDSC?src=hash\">#SGEDSC<\/a> <a href=\"https:\/\/t.co\/Rv23Lz0Rbq\">pic.twitter.com\/Rv23Lz0Rbq<\/a><\/p>\n<p>\u2014 eintracht_esp (@eintracht_esp) <a href=\"https:\/\/twitter.com\/eintracht_esp\/status\/836657521095946243\">28 de febrero de 2017<\/a><\/p><\/blockquote>\n<p><script async src=\"\/\/platform.twitter.com\/widgets.js\" charset=\"utf-8\"><\/script><\/p>\n<p>Tras el gol, el <strong>Eintracht<\/strong>, que part\u00eda como favorito, gan\u00f3 seguridad y control\u00f3 el partido desde la posesi\u00f3n de pelota y someti\u00f3 aun rival que intent\u00f3 empata y en los \u00faltimos diez minutos del duelo tuvo dos ocasiones incluso para remontar, pero todo acab\u00f3 sin problemas gracias a los reflejos del meta checho.<\/p>\n<p>El <strong>Eintracht<\/strong> se convierte en el primer semifinalista de la Copa de Alemania y est\u00e1 a la espera de lo que suceda en ma\u00f1ana en los partidos Hamburgo-Borussia M\u00f6nchengladbach y Bayern-Schalke, as\u00ed como el que debi\u00f3 jugarse hoy, entre el Sportfreunde Lotte y el Borussia Dortmund, y que fue aplazado debido a una nevada que dej\u00f3 el campo en muy malas condiciones.<\/p>\n","protected":false},"excerpt":{"rendered":"<p>Las \u00c1guilas avanzan de ronda y esperan rival en la Copa de Alemania. <\/p>\n","protected":false},"author":20,"featured_media":458540,"comment_status":"closed","ping_status":"closed","sticky":false,"template":"","format":"standard","meta":[],"categories":[3839,6822,6718],"tags":[3588,131],"_links":{"self":[{"href":"http:\/\/desarrollo.grupomedios.com\/futbol\/wp-json\/wp\/v2\/posts\/464681"}],"collection":[{"href":"http:\/\/desarrollo.grupomedios.com\/futbol\/wp-json\/wp\/v2\/posts"}],"about":[{"href":"http:\/\/desarrollo.grupomedios.com\/futbol\/wp-json\/wp\/v2\/types\/post"}],"author":[{"embeddable":true,"href":"http:\/\/desarrollo.grupomedios.com\/futbol\/wp-json\/wp\/v2\/users\/20"}],"replies":[{"embeddable":true,"href":"http:\/\/desarrollo.grupomedios.com\/futbol\/wp-json\/wp\/v2\/comments?post=464681"}],"version-history":[{"count":0,"href":"http:\/\/desarrollo.grupomedios.com\/futbol\/wp-json\/wp\/v2\/posts\/464681\/revisions"}],"wp:featuredmedia":[{"embeddable":true,"href":"http:\/\/desarrollo.grupomedios.com\/futbol\/wp-json\/wp\/v2\/media\/458540"}],"wp:attachment":[{"href":"http:\/\/desarrollo.grupomedios.com\/futbol\/wp-json\/wp\/v2\/media?parent=464681"}],"wp:term":[{"taxonomy":"category","embeddable":true,"href":"http:\/\/desarrollo.grupomedios.com\/futbol\/wp-json\/wp\/v2\/categories?post=464681"},{"taxonomy":"post_tag","embeddable":true,"href":"http:\/\/desarrollo.grupomedios.com\/futbol\/wp-json\/wp\/v2\/tags?post=464681"}],"curies":[{"name":"wp","href":"https:\/\/api.w.org\/{rel}","templated":true}]}}