{"id":464703,"date":"2017-02-28T14:40:07","date_gmt":"2017-02-28T20:40:07","guid":{"rendered":"https:\/\/www.futboltotal.com.mx\/?p=464703"},"modified":"2017-02-28T14:47:15","modified_gmt":"2017-02-28T20:47:15","slug":"eibar-le-roba-triunfo-a-la-real-sociedad-vela","status":"publish","type":"post","link":"http:\/\/desarrollo.grupomedios.com\/futbol\/futbol-internacional\/eibar-le-roba-triunfo-a-la-real-sociedad-vela\/2017\/02","title":{"rendered":"Eibar le roba el triunfo a la Real Sociedad de Vela"},"content":{"rendered":"<p>Con un gol de Pedro Le\u00f3n en el \u00faltimo minuto, el Eibar le rob\u00f3 el triunfo a la Real Sociedad \u00a0y empat\u00f3 2-2 en la Jornada 25 de la Liga de Espa\u00f1a.<\/p>\n<p>Un gol del mexicano Carlos Vela le hab\u00eda dado la ventaja a la Real, que con el triunfo se pon\u00eda en el cuarto lugar de la tabla. Pero un error del argentino Ger\u00f3nimo Rulli permiti\u00f3 el empate de los visitatnes.<\/p>\n<blockquote class=\"twitter-tweet\" data-width=\"500\">\n<p lang=\"es\" dir=\"ltr\">FINAL <a href=\"https:\/\/twitter.com\/hashtag\/RealSociedadEibar?src=hash\">#RealSociedadEibar<\/a> 2-2<\/p>\n<p>\u00a1Pedro Le\u00f3n firma el empate en el \u00faltimo suspiro y hay reparto de puntos en Anoeta! <a href=\"https:\/\/t.co\/GkDHrQxOXd\">pic.twitter.com\/GkDHrQxOXd<\/a><\/p>\n<p>&mdash; LaLiga (@LaLiga) <a href=\"https:\/\/twitter.com\/LaLiga\/status\/836673279897169921\">February 28, 2017<\/a><\/p><\/blockquote>\n<p><script async src=\"\/\/platform.twitter.com\/widgets.js\" charset=\"utf-8\"><\/script><\/p>\n<p>Los locales comenzaron manejando bien el bal\u00f3n, en un c\u00e9sped de Anoeta que estaba muy r\u00e1pido debido a la intensa lluvia que cay\u00f3 durante el partido.<\/p>\n<p>El primer gol naci\u00f3 de los pies de Vela. El mexicano condujo el bal\u00f3n por la banda izquierda y entre dos rivales, habilit\u00f3 a Oyarzabal para que el lateral mandara un centro que Juanmi remat\u00f3 de cabeza.<\/p>\n<p><iframe loading=\"lazy\" src=\"https:\/\/www.youtube.com\/embed\/2nrCjOVsTao?feature=oembed\" frameborder=\"0\" allowfullscreen><\/iframe><\/p>\n<p>Parec\u00eda que el equipo Txuri-urdin tendr\u00eda un juego tranquilo, pero un remate de Escalante en tiro de esquina le dio el empate a la visita.<\/p>\n<p>El Eibar comenz\u00f3 a hacerse de la posesi\u00f3n del bal\u00f3n y comenz\u00f3 a probar a Rulli, que estuvo muy atento.<br \/>\nLa segunda mitad comenz\u00f3 con dos expulsiones. Primero Leujene se fue por parte de los visitantes y despu\u00e9s Juanmi hizo lo propio para que ambos equipos se quedaran con 10 hombres.<\/p>\n<p style=\"text-align: center;\"><a href=\"https:\/\/www.futboltotal.com.mx\/2017\/02\/en-vivo-real-sociedad-vs-eibar-la-liga\/\" target=\"_blank\"><span style=\"color: #3366ff;\">LEER M\u00c1S: As\u00ed se vivi\u00f3 | Real Sociedad 2-2 Eibar | La Liga<\/span><\/a><\/p>\n<p>Esto benefici\u00f3 a la Real Sociedad, que se sinti\u00f3 m\u00e1s c\u00f3moca en el campo y al 67\u2019 Vela cambi\u00f3 un penal por gol luego de un excelso cobro.<\/p>\n<p><iframe loading=\"lazy\" src=\"https:\/\/www.youtube.com\/embed\/QHf3CWH--is?feature=oembed\" frameborder=\"0\" allowfullscreen><\/iframe><\/p>\n<p>El resto del juego fue de tr\u00e1mite para los Txuri-urdin, que parec\u00eda se llevaban los tres triunfos que lo colocaban en la cuarta posici\u00f3n de la Liga. Pero al minuto 93\u00b4 Pedro Le\u00f3n anot\u00f3 el empate luego de un error del arquero argentino Ger\u00f3nimo Rulli.<\/p>\n","protected":false},"excerpt":{"rendered":"<p>El mexicano marc\u00f3 el segundo de la Real Sociedad.<\/p>\n","protected":false},"author":129,"featured_media":447119,"comment_status":"closed","ping_status":"closed","sticky":false,"template":"","format":"standard","meta":[],"categories":[3839,3844,6718],"tags":[6048,1913,102],"_links":{"self":[{"href":"http:\/\/desarrollo.grupomedios.com\/futbol\/wp-json\/wp\/v2\/posts\/464703"}],"collection":[{"href":"http:\/\/desarrollo.grupomedios.com\/futbol\/wp-json\/wp\/v2\/posts"}],"about":[{"href":"http:\/\/desarrollo.grupomedios.com\/futbol\/wp-json\/wp\/v2\/types\/post"}],"author":[{"embeddable":true,"href":"http:\/\/desarrollo.grupomedios.com\/futbol\/wp-json\/wp\/v2\/users\/129"}],"replies":[{"embeddable":true,"href":"http:\/\/desarrollo.grupomedios.com\/futbol\/wp-json\/wp\/v2\/comments?post=464703"}],"version-history":[{"count":0,"href":"http:\/\/desarrollo.grupomedios.com\/futbol\/wp-json\/wp\/v2\/posts\/464703\/revisions"}],"wp:featuredmedia":[{"embeddable":true,"href":"http:\/\/desarrollo.grupomedios.com\/futbol\/wp-json\/wp\/v2\/media\/447119"}],"wp:attachment":[{"href":"http:\/\/desarrollo.grupomedios.com\/futbol\/wp-json\/wp\/v2\/media?parent=464703"}],"wp:term":[{"taxonomy":"category","embeddable":true,"href":"http:\/\/desarrollo.grupomedios.com\/futbol\/wp-json\/wp\/v2\/categories?post=464703"},{"taxonomy":"post_tag","embeddable":true,"href":"http:\/\/desarrollo.grupomedios.com\/futbol\/wp-json\/wp\/v2\/tags?post=464703"}],"curies":[{"name":"wp","href":"https:\/\/api.w.org\/{rel}","templated":true}]}}