{"id":464728,"date":"2017-02-28T16:33:32","date_gmt":"2017-02-28T22:33:32","guid":{"rendered":"https:\/\/www.futboltotal.com.mx\/?p=464728"},"modified":"2017-02-28T16:33:32","modified_gmt":"2017-02-28T22:33:32","slug":"chicharito-elegido-jugador-del-mes-en-la-bundesliga","status":"publish","type":"post","link":"http:\/\/desarrollo.grupomedios.com\/futbol\/futbol-internacional\/chicharito-elegido-jugador-del-mes-en-la-bundesliga\/2017\/02","title":{"rendered":"Chicharito, elegido jugador del mes en la Bundesliga"},"content":{"rendered":"<p><strong>Javier Chicharito Hern\u00e1ndez<\/strong> fue elegido como el mejor jugador del mes de febrero en la <strong>Bundesliga<\/strong>,\u00a0despu\u00e9s de haber obtenido el 45 por ciento de los votos en una encuesta realizada por la liga teutona en redes sociales.<\/p>\n<p>El delantero mexicano super\u00f3 a jugadores como el polaco Robert Lewandowski (Bayern M\u00fanich), quien obtuvo el 34 por ciento de lo votos, as\u00ed como al gabon\u00e9s Pierre Emerick Aubameyang y el polaco\u00a0\u0141ukasz Piszczek (BVB).<\/p>\n<p style=\"text-align: center;\"><span style=\"color: #3366ff;\">LEER M\u00c1S: Todas as noticias de futbol internacional<\/span><\/p>\n<p><strong>Chicharito<\/strong>\u00a0recibi\u00f3 la distinci\u00f3n tras haber vuelto al gol y conseguir cuatro de ellos en tres partidos. De hecho, el <em>romperredes azteca<\/em> los consigui\u00f3 ante el Eintrach Frankfurt y el Augsburgo y en ambos representaron la victoria para el Leverkusen.<\/p>\n<p>De esta forma, <strong>Chicharito\u00a0<\/strong>consigue cerrar un mes redondo, en el que lo \u00fanico partido de liga en\u00a0el que no anot\u00f3 fue en la derrota 0-2 ante el Mainz.<\/p>\n<p>El pr\u00f3ximo s\u00e1bado 4 de marzo, las <em>Aspirinas<\/em> se miden al Borussia Dortmund, un rival al que <strong>Chicharito<\/strong> ya hizo gol el pasado 1 de octubre, antes de que pasara m\u00e1s de 100 d\u00edas sin poder anotar.<\/p>\n<p>&nbsp;<\/p>\n","protected":false},"excerpt":{"rendered":"<p>El crack mexicano super\u00f3 al polaco Lewandowski y al gabon\u00e9s Aubameyang.<\/p>\n","protected":false},"author":20,"featured_media":464742,"comment_status":"closed","ping_status":"closed","sticky":false,"template":"","format":"standard","meta":[],"categories":[3839,6822,6718],"tags":[4335,120],"_links":{"self":[{"href":"http:\/\/desarrollo.grupomedios.com\/futbol\/wp-json\/wp\/v2\/posts\/464728"}],"collection":[{"href":"http:\/\/desarrollo.grupomedios.com\/futbol\/wp-json\/wp\/v2\/posts"}],"about":[{"href":"http:\/\/desarrollo.grupomedios.com\/futbol\/wp-json\/wp\/v2\/types\/post"}],"author":[{"embeddable":true,"href":"http:\/\/desarrollo.grupomedios.com\/futbol\/wp-json\/wp\/v2\/users\/20"}],"replies":[{"embeddable":true,"href":"http:\/\/desarrollo.grupomedios.com\/futbol\/wp-json\/wp\/v2\/comments?post=464728"}],"version-history":[{"count":0,"href":"http:\/\/desarrollo.grupomedios.com\/futbol\/wp-json\/wp\/v2\/posts\/464728\/revisions"}],"wp:featuredmedia":[{"embeddable":true,"href":"http:\/\/desarrollo.grupomedios.com\/futbol\/wp-json\/wp\/v2\/media\/464742"}],"wp:attachment":[{"href":"http:\/\/desarrollo.grupomedios.com\/futbol\/wp-json\/wp\/v2\/media?parent=464728"}],"wp:term":[{"taxonomy":"category","embeddable":true,"href":"http:\/\/desarrollo.grupomedios.com\/futbol\/wp-json\/wp\/v2\/categories?post=464728"},{"taxonomy":"post_tag","embeddable":true,"href":"http:\/\/desarrollo.grupomedios.com\/futbol\/wp-json\/wp\/v2\/tags?post=464728"}],"curies":[{"name":"wp","href":"https:\/\/api.w.org\/{rel}","templated":true}]}}