{"id":464732,"date":"2017-02-28T16:14:23","date_gmt":"2017-02-28T22:14:23","guid":{"rendered":"https:\/\/www.futboltotal.com.mx\/?p=464732"},"modified":"2017-02-28T16:14:23","modified_gmt":"2017-02-28T22:14:23","slug":"tatiana-calderon-la-sensacion-del-automovilismo","status":"publish","type":"post","link":"http:\/\/desarrollo.grupomedios.com\/futbol\/galerias\/tatiana-calderon-la-sensacion-del-automovilismo\/2017\/02","title":{"rendered":"Tatiana Calder\u00f3n, la sensaci\u00f3n del automovilismo"},"content":{"rendered":"<p>El equipo Sauber de F\u00f3rmula Uno ha anunciado la contrataci\u00f3n de la colombiana <strong>Tatiana Calder\u00f3n<\/strong> como piloto de desarrollo para 2017, misi\u00f3n que compaginar\u00e1 con su segunda participaci\u00f3n en GP3.<\/p>\n<blockquote class=\"instagram-media\" style=\"background: #FFF; border: 0; border-radius: 3px; box-shadow: 0 0 1px 0 rgba(0,0,0,0.5),0 1px 10px 0 rgba(0,0,0,0.15); margin: 1px; max-width: 658px; padding: 0; width: calc(100% - 2px);\" data-instgrm-captioned=\"\" data-instgrm-version=\"7\">\n<div style=\"padding: 8px;\">\n<div style=\"background: #F8F8F8; line-height: 0; margin-top: 40px; padding: 28.26388888888889% 0; text-align: center; width: 100%;\"><\/div>\n<p style=\"margin: 8px 0 0 0; padding: 0 4px;\"><a style=\"color: #000; font-family: Arial,sans-serif; font-size: 14px; font-style: normal; font-weight: normal; line-height: 17px; text-decoration: none; word-wrap: break-word;\" href=\"https:\/\/www.instagram.com\/p\/BQsBcOrDoDC\/\" target=\"_blank\">A different side of the job &#8230; &#x1f4f8;&#x1f4fd;&#x1f483; thanks for the video and hard work @juavar !&#8211; Otras fases que hacen parte del trabajo &#8230;&#x1f4fd;&#x1f4f8;&#x1f483;gracias por el trabajo tan profesional @juavar Styling @lina.noguera @manifesto_consultants &#x1f487;&#x1f485;&#x1f3fb; by @mua_anita @adidasmotorsport<\/a><\/p>\n<p style=\"color: #c9c8cd; font-family: Arial,sans-serif; font-size: 14px; line-height: 17px; margin-bottom: 0; margin-top: 8px; overflow: hidden; padding: 8px 0 7px; text-align: center; text-overflow: ellipsis; white-space: nowrap;\">Una publicaci\u00f3n compartida de Tatiana Calderon (@tatacalde7) el <time style=\"font-family: Arial,sans-serif; font-size: 14px; line-height: 17px;\" datetime=\"2017-02-19T09:17:44+00:00\">19 de Feb de 2017 a la(s) 1:17 PST<\/time><\/p>\n<\/div>\n<\/blockquote>\n<p><script async defer src=\"\/\/platform.instagram.com\/en_US\/embeds.js\"><\/script><\/p>\n<p>Calder\u00f3n, que comenz\u00f3 su carrera en k\u00e1rting en Colombia, fue subcampeona en el MRF Challenge Formula 2000 en 2015, compitiendo el a\u00f1o pasado en las GP3 Series.<\/p>\n<blockquote class=\"instagram-media\" style=\"background: #FFF; border: 0; border-radius: 3px; box-shadow: 0 0 1px 0 rgba(0,0,0,0.5),0 1px 10px 0 rgba(0,0,0,0.15); margin: 1px; max-width: 658px; padding: 0; width: calc(100% - 2px);\" data-instgrm-captioned=\"\" data-instgrm-version=\"7\">\n<div style=\"padding: 8px;\">\n<div style=\"background: #F8F8F8; line-height: 0; margin-top: 40px; padding: 33.300000000000004% 0; text-align: center; width: 100%;\"><\/div>\n<p style=\"margin: 8px 0 0 0; padding: 0 4px;\"><a style=\"color: #000; font-family: Arial,sans-serif; font-size: 14px; font-style: normal; font-weight: normal; line-height: 17px; text-decoration: none; word-wrap: break-word;\" href=\"https:\/\/www.instagram.com\/p\/BPgPO5gjpWc\/\" target=\"_blank\">Take every chance. Drop every fear! #fridayfeeling &#x1f44a;&#x1f3fc;&#8211; Toma cada oportunidad. Suelta todos tus temores! &#x1f44a;&#x1f3fc;<\/a><\/p>\n<p style=\"color: #c9c8cd; font-family: Arial,sans-serif; font-size: 14px; line-height: 17px; margin-bottom: 0; margin-top: 8px; overflow: hidden; padding: 8px 0 7px; text-align: center; text-overflow: ellipsis; white-space: nowrap;\">Una publicaci\u00f3n compartida de Tatiana Calderon (@tatacalde7) el <time style=\"font-family: Arial,sans-serif; font-size: 14px; line-height: 17px;\" datetime=\"2017-01-20T22:55:58+00:00\">20 de Ene de 2017 a la(s) 2:55 PST<\/time><\/p>\n<\/div>\n<\/blockquote>\n<p><script async defer src=\"\/\/platform.instagram.com\/en_US\/embeds.js\"><\/script><\/p>\n<p>Sauber F1 proporcionar\u00e1 a <strong>Tatiana Calder\u00f3n<\/strong> un extenso programa de desarrollo de conductores j\u00f3venes que incluye sesiones de entrenamiento de simuladores profesionales y entrenamiento con los ingenieros en los propios circuitos durante algunos Grandes Premios.<\/p>\n<blockquote class=\"instagram-media\" style=\"background: #FFF; border: 0; border-radius: 3px; box-shadow: 0 0 1px 0 rgba(0,0,0,0.5),0 1px 10px 0 rgba(0,0,0,0.15); margin: 1px; max-width: 658px; padding: 0; width: calc(100% - 2px);\" data-instgrm-captioned=\"\" data-instgrm-version=\"7\">\n<div style=\"padding: 8px;\">\n<div style=\"background: #F8F8F8; line-height: 0; margin-top: 40px; padding: 53.41796875% 0; text-align: center; width: 100%;\"><\/div>\n<p style=\"margin: 8px 0 0 0; padding: 0 4px;\"><a style=\"color: #000; font-family: Arial,sans-serif; font-size: 14px; font-style: normal; font-weight: normal; line-height: 17px; text-decoration: none; word-wrap: break-word;\" href=\"https:\/\/www.instagram.com\/p\/BN4SiU0DU78\/\" target=\"_blank\">&#x1f60e;\u270c&#x1f3fb;\ufe0f#happysunday #felizdomingo &#x1f4f8; @lina.noguera &amp; @filoso_fit<\/a><\/p>\n<p style=\"color: #c9c8cd; font-family: Arial,sans-serif; font-size: 14px; line-height: 17px; margin-bottom: 0; margin-top: 8px; overflow: hidden; padding: 8px 0 7px; text-align: center; text-overflow: ellipsis; white-space: nowrap;\">Una publicaci\u00f3n compartida de Tatiana Calderon (@tatacalde7) el <time style=\"font-family: Arial,sans-serif; font-size: 14px; line-height: 17px;\" datetime=\"2016-12-11T14:03:49+00:00\">11 de Dic de 2016 a la(s) 6:03 PST<\/time><\/p>\n<\/div>\n<\/blockquote>\n<p><script async defer src=\"\/\/platform.instagram.com\/en_US\/embeds.js\"><\/script><\/p>\n<p>&#8220;Estoy muy feliz de unirme al equipo Sauber como piloto de desarrollo. Quiero agradecer a Monisha Kaltenborn y a todo el equipo por darme esta oportunidad, y tambi\u00e9n a Escuderia Telmex por su apoyo. Estoy agradecida de estar trabajando con un equipo tan establecido en la F\u00f3rmula Uno y de poder beneficiarme de su larga experiencia&#8221;, declar\u00f3 la colombiana.<\/p>\n<blockquote class=\"instagram-media\" style=\"background: #FFF; border: 0; border-radius: 3px; box-shadow: 0 0 1px 0 rgba(0,0,0,0.5),0 1px 10px 0 rgba(0,0,0,0.15); margin: 1px; max-width: 658px; padding: 0; width: calc(100% - 2px);\" data-instgrm-captioned=\"\" data-instgrm-version=\"7\">\n<div style=\"padding: 8px;\">\n<div style=\"background: #F8F8F8; line-height: 0; margin-top: 40px; padding: 50.0% 0; text-align: center; width: 100%;\"><\/div>\n<p style=\"margin: 8px 0 0 0; padding: 0 4px;\"><a style=\"color: #000; font-family: Arial,sans-serif; font-size: 14px; font-style: normal; font-weight: normal; line-height: 17px; text-decoration: none; word-wrap: break-word;\" href=\"https:\/\/www.instagram.com\/p\/BNCGSY4D9RW\/\" target=\"_blank\">Fitness, a way of life! Dressed up and go!&#x1f44a;&#x1f3fc;\u26f9&#x1f3fd;\u200d\u2640\ufe0f&#x1f3cb;\ufe0f\u200d\u2640\ufe0f&#x1f6b4;&#x1f3fb; #excersice #heatlh #fitness #happysunday #adidas &#8212; Ejercicio, una forma de vida! Atr\u00e9vete, v\u00edstete y al ataque! #salud #ejercicio #adidas #felizdomingo \u26f9&#x1f3fb;&#x1f3cb;\ufe0f\u200d\u2640\ufe0f&#x1f6b4;&#x1f3fb;@adidasco @adidaswomen &#x1f4f8; Photography by: @amadorcamarg Make up by @gemma_riba &#x1f485;&#x1f3fb;&#x1f487;<\/a><\/p>\n<p style=\"color: #c9c8cd; font-family: Arial,sans-serif; font-size: 14px; line-height: 17px; margin-bottom: 0; margin-top: 8px; overflow: hidden; padding: 8px 0 7px; text-align: center; text-overflow: ellipsis; white-space: nowrap;\">Una publicaci\u00f3n compartida de Tatiana Calderon (@tatacalde7) el <time style=\"font-family: Arial,sans-serif; font-size: 14px; line-height: 17px;\" datetime=\"2016-11-20T12:57:47+00:00\">20 de Nov de 2016 a la(s) 4:57 PST<\/time><\/p>\n<\/div>\n<\/blockquote>\n<p><script async defer src=\"\/\/platform.instagram.com\/en_US\/embeds.js\"><\/script><\/p>\n<p>&#8220;Espero trabajar con el equipo y aprender tanto como pueda. Es un paso m\u00e1s para acercarme a mi sue\u00f1o, llegar a competir un d\u00eda en la F\u00f3rmula Uno&#8221;, finaliz\u00f3 <strong>Tatiana Calder\u00f3n<\/strong>.<\/p>\n<blockquote class=\"instagram-media\" style=\"background: #FFF; border: 0; border-radius: 3px; box-shadow: 0 0 1px 0 rgba(0,0,0,0.5),0 1px 10px 0 rgba(0,0,0,0.15); margin: 1px; max-width: 658px; padding: 0; width: calc(100% - 2px);\" data-instgrm-captioned=\"\" data-instgrm-version=\"7\">\n<div style=\"padding: 8px;\">\n<div style=\"background: #F8F8F8; line-height: 0; margin-top: 40px; padding: 62.4537037037037% 0; text-align: center; width: 100%;\"><\/div>\n<p style=\"margin: 8px 0 0 0; padding: 0 4px;\"><a style=\"color: #000; font-family: Arial,sans-serif; font-size: 14px; font-style: normal; font-weight: normal; line-height: 17px; text-decoration: none; word-wrap: break-word;\" href=\"https:\/\/www.instagram.com\/p\/BLQjMQBDHhH\/\" target=\"_blank\">Because you have the power to make it happen! &#x1f44a;&#x1f3fc; #FindFocus &#8212; Porque t\u00fa tienes el poder para hacerlo realidad #FindFocus @adidasco &#x1f4f8; Photography by: @amadorcamargo<\/a><\/p>\n<p style=\"color: #c9c8cd; font-family: Arial,sans-serif; font-size: 14px; line-height: 17px; margin-bottom: 0; margin-top: 8px; overflow: hidden; padding: 8px 0 7px; text-align: center; text-overflow: ellipsis; white-space: nowrap;\">Una publicaci\u00f3n compartida de Tatiana Calderon (@tatacalde7) el <time style=\"font-family: Arial,sans-serif; font-size: 14px; line-height: 17px;\" datetime=\"2016-10-07T10:36:56+00:00\">7 de Oct de 2016 a la(s) 3:36 PDT<\/time><\/p>\n<\/div>\n<\/blockquote>\n<p><script async defer src=\"\/\/platform.instagram.com\/en_US\/embeds.js\"><\/script><\/p>\n<p><strong>S\u00edguenos en Twitter<\/strong>: <a href=\"https:\/\/twitter.com\/MXFutbolTotal\" target=\"_blank\">@MXFutbolTotal<\/a><\/p>\n","protected":false},"excerpt":{"rendered":"<p>Sauber ficha a la sudamericana como piloto de desarrollo en F\u00f3rmula 1.<\/p>\n","protected":false},"author":144,"featured_media":464736,"comment_status":"closed","ping_status":"closed","sticky":false,"template":"","format":"standard","meta":[],"categories":[5810,6408,5422,3,5418,6411],"tags":[2033,5461],"_links":{"self":[{"href":"http:\/\/desarrollo.grupomedios.com\/futbol\/wp-json\/wp\/v2\/posts\/464732"}],"collection":[{"href":"http:\/\/desarrollo.grupomedios.com\/futbol\/wp-json\/wp\/v2\/posts"}],"about":[{"href":"http:\/\/desarrollo.grupomedios.com\/futbol\/wp-json\/wp\/v2\/types\/post"}],"author":[{"embeddable":true,"href":"http:\/\/desarrollo.grupomedios.com\/futbol\/wp-json\/wp\/v2\/users\/144"}],"replies":[{"embeddable":true,"href":"http:\/\/desarrollo.grupomedios.com\/futbol\/wp-json\/wp\/v2\/comments?post=464732"}],"version-history":[{"count":0,"href":"http:\/\/desarrollo.grupomedios.com\/futbol\/wp-json\/wp\/v2\/posts\/464732\/revisions"}],"wp:featuredmedia":[{"embeddable":true,"href":"http:\/\/desarrollo.grupomedios.com\/futbol\/wp-json\/wp\/v2\/media\/464736"}],"wp:attachment":[{"href":"http:\/\/desarrollo.grupomedios.com\/futbol\/wp-json\/wp\/v2\/media?parent=464732"}],"wp:term":[{"taxonomy":"category","embeddable":true,"href":"http:\/\/desarrollo.grupomedios.com\/futbol\/wp-json\/wp\/v2\/categories?post=464732"},{"taxonomy":"post_tag","embeddable":true,"href":"http:\/\/desarrollo.grupomedios.com\/futbol\/wp-json\/wp\/v2\/tags?post=464732"}],"curies":[{"name":"wp","href":"https:\/\/api.w.org\/{rel}","templated":true}]}}