{"id":464936,"date":"2017-03-01T09:45:01","date_gmt":"2017-03-01T15:45:01","guid":{"rendered":"https:\/\/www.futboltotal.com.mx\/?p=464936"},"modified":"2017-03-01T09:53:20","modified_gmt":"2017-03-01T15:53:20","slug":"felices-28-anos-carlos-vela-recordamos-sus-mejores-goles","status":"publish","type":"post","link":"http:\/\/desarrollo.grupomedios.com\/futbol\/destacado-home\/felices-28-anos-carlos-vela-recordamos-sus-mejores-goles\/2017\/03","title":{"rendered":"\u00a1Felices 28 a\u00f1os, Carlos Vela! Recordamos sus mejores goles"},"content":{"rendered":"<p><strong>Carlos Vela<\/strong> es uno de los mejores futbolistas mexicanos del \u00a0futbol actual. <strong>Vela<\/strong> naci\u00f3 en Canc\u00fan el 1 de marzo de 1989, desde ni\u00f1o demostr\u00f3 su talento como futbolista, es por eso que prono lleg\u00f3 a jugar en una de las filiales del Guadalajara.<\/p>\n<p>El primer gran salto de <strong>Carlitos<\/strong> llegar\u00eda en 2005, cuando fue convocado por Jes\u00fas Ram\u00edrez para formar parte de la Selecci\u00f3n Mexicana Sub 17 que participar\u00eda en el Mundial de la categor\u00eda celebrado en Per\u00fa. Vela destac\u00f3 en el torneo por marcar 5 goles en 6 juegos, ser campe\u00f3n del mundo y ganar el bot\u00edn de oro.<\/p>\n<p style=\"text-align: center;\"><a href=\"https:\/\/www.futboltotal.com.mx\/2017\/02\/amor-mundo-las-mejores-hinchadas-futbol\/\" target=\"_blank\">LEER M\u00c1S: \u00a1Amor de otro mundo! Las mejores hinchadas de futbol<\/a><\/p>\n<p>Fue entonces cuando Arsenal adquiri\u00f3 los servicios del mexicano que a\u00fan no debutaba como profesional. Los Gunners lo cedieron al celta de Vigo en donde no tuvo actuaciones, posteriormente al Salamanca en donde comenz\u00f3 a destacar y para finalizar termin\u00f3 en Osasuna, equipo en el que no le fue nada bien.<\/p>\n<p>Regres\u00f3 al Arsenal en 2008 y ah\u00ed empez\u00f3 a regalarnos varias joyas de goles. Wenger decidi\u00f3 prestarlo al West Bromwich, pero fue hasta 2011 cuando empezar\u00eda el verdadero sue\u00f1o. <strong>Vela<\/strong> firm\u00f3 con la Real Sociedad y ah\u00ed comenz\u00f3 a destacar por su maravillosas actuaciones.<\/p>\n<p>En la actualidad <strong>Carlos<\/strong> es uno de los futbolistas m\u00e1s codiciados del futbol espa\u00f1ol. Hoy Vela cumple 28 a\u00f1os de grandes momentos, 28 a\u00f1os de no dejar de sorprender al mundo y llega a esta edad como el sexto mejor anotador de la <strong>Real Sociedad.<\/strong><\/p>\n<p>El equipo de <strong>Futbol Total<\/strong> le desea un feliz cumplea\u00f1os recordando los mejores goles de Carlos Vela.<\/p>\n<p><script type=\"text\/javascript\" src=\"\/\/cdn.playbuzz.com\/widget\/feed.js\"><\/script><\/p>\n<div class=\"pb_feed\" data-embed-by=\"d43f3879-83ed-40bc-99d7-fde80605466f\" data-item=\"b88722ec-2e56-4066-8221-c599cee6b277\" data-recommend=\"false\" data-game-info=\"false\"><\/div>\n","protected":false},"excerpt":{"rendered":"<p>Hacemos un recuento de las mejores anotaciones del mexicano.<\/p>\n","protected":false},"author":20,"featured_media":464937,"comment_status":"closed","ping_status":"closed","sticky":false,"template":"","format":"standard","meta":[],"categories":[5,3839,3844,6718],"tags":[6048],"_links":{"self":[{"href":"http:\/\/desarrollo.grupomedios.com\/futbol\/wp-json\/wp\/v2\/posts\/464936"}],"collection":[{"href":"http:\/\/desarrollo.grupomedios.com\/futbol\/wp-json\/wp\/v2\/posts"}],"about":[{"href":"http:\/\/desarrollo.grupomedios.com\/futbol\/wp-json\/wp\/v2\/types\/post"}],"author":[{"embeddable":true,"href":"http:\/\/desarrollo.grupomedios.com\/futbol\/wp-json\/wp\/v2\/users\/20"}],"replies":[{"embeddable":true,"href":"http:\/\/desarrollo.grupomedios.com\/futbol\/wp-json\/wp\/v2\/comments?post=464936"}],"version-history":[{"count":0,"href":"http:\/\/desarrollo.grupomedios.com\/futbol\/wp-json\/wp\/v2\/posts\/464936\/revisions"}],"wp:featuredmedia":[{"embeddable":true,"href":"http:\/\/desarrollo.grupomedios.com\/futbol\/wp-json\/wp\/v2\/media\/464937"}],"wp:attachment":[{"href":"http:\/\/desarrollo.grupomedios.com\/futbol\/wp-json\/wp\/v2\/media?parent=464936"}],"wp:term":[{"taxonomy":"category","embeddable":true,"href":"http:\/\/desarrollo.grupomedios.com\/futbol\/wp-json\/wp\/v2\/categories?post=464936"},{"taxonomy":"post_tag","embeddable":true,"href":"http:\/\/desarrollo.grupomedios.com\/futbol\/wp-json\/wp\/v2\/tags?post=464936"}],"curies":[{"name":"wp","href":"https:\/\/api.w.org\/{rel}","templated":true}]}}