{"id":464941,"date":"2017-03-01T08:54:14","date_gmt":"2017-03-01T14:54:14","guid":{"rendered":"https:\/\/www.futboltotal.com.mx\/?p=464941"},"modified":"2017-03-01T08:57:35","modified_gmt":"2017-03-01T14:57:35","slug":"benzema-volvera-a-ser-convocado-con-francia","status":"publish","type":"post","link":"http:\/\/desarrollo.grupomedios.com\/futbol\/futbol-internacional\/benzema-volvera-a-ser-convocado-con-francia\/2017\/03","title":{"rendered":"Deschamps &#8216;perdona&#8217; a Benzema y lo convocar\u00e1"},"content":{"rendered":"<p>El seleccionador franc\u00e9s, <strong>Didier Deschamps<\/strong>, asegur\u00f3 que no guarda rencor a <strong>Karim Benzema<\/strong> por las declaraciones que hizo sobre \u00e9l, y est\u00e1 dispuesto a convocarlo para que vista de nuevo la camiseta de los <em>Bleus<\/em> si es por el bien del equipo.<\/p>\n<blockquote><p>&#8220;Si estimo que es por el bien de la selecci\u00f3n convocar a Karim, lo har\u00e9&#8221;, se\u00f1al\u00f3 Deschamps en una entrevista publicada hoy por <em>Le Parisien<\/em>.<\/p><\/blockquote>\n<p style=\"text-align: center;\"><span style=\"color: #3366ff;\">LEER M\u00c1S: Todas las noticias de futbol internacional<\/span><\/p>\n<p>Insisti\u00f3 en que toma las decisiones por razones \u00fanicamente deportivas, &#8220;en inter\u00e9s&#8221; de la selecci\u00f3n porque &#8220;la instituci\u00f3n est\u00e1 por encima de todo&#8221;.<\/p>\n<p>El internacional franc\u00e9s del Real Madrid no ha vuelto a vestir la camiseta de los <em>Bleus<\/em> desde octubre de 2015, despu\u00e9s de haber sido imputado por un presunto chantaje, con un v\u00eddeo de contenido sexual, a su compa\u00f1ero de selecci\u00f3n Mathieu Valbuena.<\/p>\n<p><strong>Benzema<\/strong>, tras quedarse fuera de la convocatoria para la Eurocopa que se disput\u00f3 en Francia en junio y julio del pasado a\u00f1o, hizo unas airadas declaraciones en las que acusaba a Deschamps de haber cedido al racismo, dando a entender que hab\u00eda renunciado a incluirlo en el equipo a causa de sus or\u00edgenes argelinos.<\/p>\n<p>En sus declaraciones a <em>Le Parisien<\/em>, Deschamps asegur\u00f3 que no le guarda &#8220;rencor&#8221; y que otros jugadores que tambi\u00e9n le han criticado no se han visto privados de selecci\u00f3n por eso&#8221;.<\/p>\n<p>Y m\u00e1s all\u00e1 de repetir que &#8220;una selecci\u00f3n no es &#8216;este me gusta, este no me gusta'&#8221;, consider\u00f3 que Benzema &#8220;sigue siendo uno de los mejores delanteros franceses&#8221;.<\/p>\n","protected":false},"excerpt":{"rendered":"<p>El DT de los Bleus se\u00f1al\u00f3 que no guarda rencor al franc\u00e9s por las duras cr\u00edticas que le hizo. <\/p>\n","protected":false},"author":20,"featured_media":432808,"comment_status":"closed","ping_status":"closed","sticky":false,"template":"","format":"standard","meta":[],"categories":[3839,5951],"tags":[413,6042],"_links":{"self":[{"href":"http:\/\/desarrollo.grupomedios.com\/futbol\/wp-json\/wp\/v2\/posts\/464941"}],"collection":[{"href":"http:\/\/desarrollo.grupomedios.com\/futbol\/wp-json\/wp\/v2\/posts"}],"about":[{"href":"http:\/\/desarrollo.grupomedios.com\/futbol\/wp-json\/wp\/v2\/types\/post"}],"author":[{"embeddable":true,"href":"http:\/\/desarrollo.grupomedios.com\/futbol\/wp-json\/wp\/v2\/users\/20"}],"replies":[{"embeddable":true,"href":"http:\/\/desarrollo.grupomedios.com\/futbol\/wp-json\/wp\/v2\/comments?post=464941"}],"version-history":[{"count":0,"href":"http:\/\/desarrollo.grupomedios.com\/futbol\/wp-json\/wp\/v2\/posts\/464941\/revisions"}],"wp:featuredmedia":[{"embeddable":true,"href":"http:\/\/desarrollo.grupomedios.com\/futbol\/wp-json\/wp\/v2\/media\/432808"}],"wp:attachment":[{"href":"http:\/\/desarrollo.grupomedios.com\/futbol\/wp-json\/wp\/v2\/media?parent=464941"}],"wp:term":[{"taxonomy":"category","embeddable":true,"href":"http:\/\/desarrollo.grupomedios.com\/futbol\/wp-json\/wp\/v2\/categories?post=464941"},{"taxonomy":"post_tag","embeddable":true,"href":"http:\/\/desarrollo.grupomedios.com\/futbol\/wp-json\/wp\/v2\/tags?post=464941"}],"curies":[{"name":"wp","href":"https:\/\/api.w.org\/{rel}","templated":true}]}}