{"id":464948,"date":"2017-03-01T10:57:38","date_gmt":"2017-03-01T16:57:38","guid":{"rendered":"https:\/\/www.futboltotal.com.mx\/?p=464948"},"modified":"2017-03-01T10:57:38","modified_gmt":"2017-03-01T16:57:38","slug":"carlos-vela-esta-encima-todos-chucho-ramirez","status":"publish","type":"post","link":"http:\/\/desarrollo.grupomedios.com\/futbol\/futbol-internacional\/carlos-vela-esta-encima-todos-chucho-ramirez\/2017\/03","title":{"rendered":"Carlos Vela est\u00e1 por encima de todos: Chucho Ram\u00edrez"},"content":{"rendered":"<p>El delantero mexicano <strong>Carlos Vela<\/strong> de la Real Sociedad, quien hoy cumple 28 a\u00f1os, es el mejor futbolista\u00a0mexicano de la actualidad considera Jes\u00fas Ram\u00edrez, quien fuera su director t\u00e9cnico en el Mundial Sub 17 de Per\u00fa 2005, en el cual se coronaron campeones del mundo.<\/p>\n<p>En una entrevista publicada en <em>Marca.com<\/em>, el exseleccionador juvenil asegur\u00f3 es: &#8220;Sin menospreciar a ninguno de los que est\u00e1n por ah\u00ed, H\u00e9ctor Herrera, Jes\u00fas <em>Tecatito<\/em> corona, yo creo en cuanto a capacidad, <strong>Carlos<\/strong> s\u00e9 est\u00e1 por encima de los dem\u00e1s.\u00a0Si hablamos de t\u00e9cnica\u00a0y condiciones, creo que s\u00ed&#8221;.<\/p>\n<p style=\"text-align: center;\"><a href=\"https:\/\/www.futboltotal.com.mx\/2017\/03\/en-america-no-me-sentia-valorado-osvaldito-martinez\/\"><span style=\"color: #3366ff;\">LEER M\u00c1S:\u00a0En Am\u00e9rica no me sent\u00eda valorado: Osvaldito Mart\u00ednez<\/span><\/a><\/p>\n<p>Jes\u00fas Ram\u00edrez advierte que no es el descubridor del atacante quintanarroense, sino que &#8220;fue parte de su proceso&#8221; inicial de su carrera como futbolista, lapso de tiempo desde\u00a0el cual ve\u00eda a\u00a0<strong>Carlos Vela<\/strong> como\u00a0&#8220;un chavo alegre, sencillo, un poco reservado, no le encantan las luces, es diferente a los dem\u00e1s. Lo que se propon\u00eda, lo lograba. Yo ve\u00eda eso, que muchas cosas que se propon\u00eda, las obten\u00eda&#8221;.<\/p>\n<p>Al ser preguntado sobre si las capacidades del jugador surgido de las <em>Chivas<\/em> le permitir\u00edan para estar en un equipo m\u00e1s grande de Espa\u00f1a o en otro pa\u00eds de Europa, Ram\u00edrez, quien fuera t\u00e9cnico interino de la selecci\u00f3n mayor en 2008, respondi\u00f3: &#8220;S\u00ed ser\u00eda bueno verlo en otro futbol&#8221;, pero a\u00f1adi\u00f3 que solo Carlos Vela sabe la respuesta, ya que lo considera &#8220;muy especial&#8221;, incluso\u00a0al grado de haber &#8220;tomado decisiones que no se comparten&#8221; y puso como ejemplo las\u00a0negativas para ir a la selecci\u00f3n mexicana: &#8220;Para ese tipo de decisiones se necesitan valor, te puedes equivocar o no, pero si lo decidi\u00f3 as\u00ed, por algo ser\u00e1&#8221;, dijo Ram\u00edrez.<\/p>\n<p style=\"text-align: center;\"><a href=\"https:\/\/www.futboltotal.com.mx\/2017\/03\/jugadores-cruz-azul-culpables-la-crisis\/\"><span style=\"color: #3366ff;\">LEER M\u00c1S:\u00a0Jugadores de Cruz Azul son culpables de la crisis<\/span><\/a><\/p>\n<p>Ram\u00edrez, quien es conferencista,<i>\u00a0<\/i>tambi\u00e9n platic\u00f3 sobre el gust\u00f3 de\u00a0Vela por\u00a0el basquetbol, mismo\u00a0que puede ser mayor al que tiene por el futbol: &#8220;A lo mejor me meto en algo que no debo: no s\u00e9 si sea tan apasionado para el futbol. \u00c9l sabe que lo hace bien y lo desarrolla&#8221;. Luego extern\u00f3 una duda: &#8220;No s\u00e9 si el futbol le apasiona o no, pero imag\u00ednate si le apasionara&#8221;.<\/p>\n<p><b>S\u00edguenos en <span id=\"m_3811370200253528181goog_2054972132\"><\/span>Twitter <a href=\"https:\/\/twitter.com\/MXFutbolTotal\" target=\"_blank\" data-saferedirecturl=\"https:\/\/www.google.com\/url?hl=es&amp;q=https:\/\/twitter.com\/MXFutbolTotal&amp;source=gmail&amp;ust=1488471048198000&amp;usg=AFQjCNH2jRgVZK1cJ5HRzH8Wa-ih3FAV2g\">@MXFutbolTotal<\/a><\/b><\/p>\n","protected":false},"excerpt":{"rendered":"<p>El exseleccionador mexicano desear\u00eda verlo en un equipo m\u00e1s grande de Europa.<\/p>\n","protected":false},"author":20,"featured_media":464962,"comment_status":"closed","ping_status":"closed","sticky":false,"template":"","format":"standard","meta":[],"categories":[3839,3844,5950],"tags":[6048,564,102],"_links":{"self":[{"href":"http:\/\/desarrollo.grupomedios.com\/futbol\/wp-json\/wp\/v2\/posts\/464948"}],"collection":[{"href":"http:\/\/desarrollo.grupomedios.com\/futbol\/wp-json\/wp\/v2\/posts"}],"about":[{"href":"http:\/\/desarrollo.grupomedios.com\/futbol\/wp-json\/wp\/v2\/types\/post"}],"author":[{"embeddable":true,"href":"http:\/\/desarrollo.grupomedios.com\/futbol\/wp-json\/wp\/v2\/users\/20"}],"replies":[{"embeddable":true,"href":"http:\/\/desarrollo.grupomedios.com\/futbol\/wp-json\/wp\/v2\/comments?post=464948"}],"version-history":[{"count":0,"href":"http:\/\/desarrollo.grupomedios.com\/futbol\/wp-json\/wp\/v2\/posts\/464948\/revisions"}],"wp:featuredmedia":[{"embeddable":true,"href":"http:\/\/desarrollo.grupomedios.com\/futbol\/wp-json\/wp\/v2\/media\/464962"}],"wp:attachment":[{"href":"http:\/\/desarrollo.grupomedios.com\/futbol\/wp-json\/wp\/v2\/media?parent=464948"}],"wp:term":[{"taxonomy":"category","embeddable":true,"href":"http:\/\/desarrollo.grupomedios.com\/futbol\/wp-json\/wp\/v2\/categories?post=464948"},{"taxonomy":"post_tag","embeddable":true,"href":"http:\/\/desarrollo.grupomedios.com\/futbol\/wp-json\/wp\/v2\/tags?post=464948"}],"curies":[{"name":"wp","href":"https:\/\/api.w.org\/{rel}","templated":true}]}}