{"id":464951,"date":"2017-03-01T10:25:02","date_gmt":"2017-03-01T16:25:02","guid":{"rendered":"https:\/\/www.futboltotal.com.mx\/?p=464951"},"modified":"2017-03-01T10:25:02","modified_gmt":"2017-03-01T16:25:02","slug":"chicharito-hernandez-camila-sodi-seran-padres","status":"publish","type":"post","link":"http:\/\/desarrollo.grupomedios.com\/futbol\/cambio-de-juego\/chicharito-hernandez-camila-sodi-seran-padres\/2017\/03","title":{"rendered":"\u00a1\u00bfChicharito Hern\u00e1ndez y Camila Sodi ser\u00e1n padres?!"},"content":{"rendered":"<p>Simple especulaci\u00f3n o una primera pista, lo que puede significar una simple publicaci\u00f3n en redes sociales de la actriz <strong>Camila Sodi<\/strong>, actual pareja de <strong>Javier <em>Chicharito<\/em> Hern\u00e1ndez<\/strong>.<\/p>\n<p>La tambi\u00e9n cantante public\u00f3 en Instagram un video junto con una frase que ha despertado rumores sobre un posible embarazo. Ya varios d\u00edas despu\u00e9s de que <a href=\"https:\/\/www.futboltotal.com.mx\/2017\/02\/chicharito-hernandez-tiene-nueva-novia-camila-sodi-ex-diego-luna\/\">Camila Sodi fuera captada al lado de <em>Chicharito<\/em> en una cita rom\u00e1ntica en Par\u00eds<\/a>, los usuarios de la red social\u00a0pusieron atenci\u00f3n en los &#8216;emojis&#8217; que us\u00f3 Camila para acompa\u00f1ar un video donde se muestra la Torre Eiffel junto a una canci\u00f3n de The Weeknd, &#8216;I feel it coming&#8217;.<\/p>\n<p>&nbsp;<\/p>\n<blockquote class=\"instagram-media\" style=\"background: #FFF; border: 0; border-radius: 3px; box-shadow: 0 0 1px 0 rgba(0,0,0,0.5),0 1px 10px 0 rgba(0,0,0,0.15); margin: 1px; max-width: 658px; padding: 0; width: calc(100% - 2px);\" data-instgrm-captioned=\"\" data-instgrm-version=\"7\">\n<div style=\"padding: 8px;\">\n<div style=\"background: #F8F8F8; line-height: 0; margin-top: 40px; padding: 50.0% 0; text-align: center; width: 100%;\"><\/div>\n<p style=\"margin: 8px 0 0 0; padding: 0 4px;\"><a style=\"color: #000; font-family: Arial,sans-serif; font-size: 14px; font-style: normal; font-weight: normal; line-height: 17px; text-decoration: none; word-wrap: break-word;\" href=\"https:\/\/www.instagram.com\/p\/BQLycN0horK\/\" target=\"_blank\">Cursi yo pero me valeeeeeeeee \u2764\u2764\ufe0f @hdriouch<\/a><\/p>\n<p style=\"color: #c9c8cd; font-family: Arial,sans-serif; font-size: 14px; line-height: 17px; margin-bottom: 0; margin-top: 8px; overflow: hidden; padding: 8px 0 7px; text-align: center; text-overflow: ellipsis; white-space: nowrap;\">A post shared by Camila Sodi (@camilasodi_) on <time style=\"font-family: Arial,sans-serif; font-size: 14px; line-height: 17px;\" datetime=\"2017-02-06T20:50:57+00:00\">Feb 6, 2017 at 12:50pm PST<\/time><\/p>\n<\/div>\n<\/blockquote>\n<p><script async defer src=\"\/\/platform.instagram.com\/en_US\/embeds.js\"><\/script><\/p>\n<p style=\"text-align: center;\"><a href=\"https:\/\/www.futboltotal.com.mx\/2017\/02\/lo-duele-la-traicion-la-deslealtad-chicharito-lucia-villalon\/\">VER M\u00c1S | &#8220;LO QUE DUELE ES LA TRAICI\u00d3N Y DESLEALTAD DE CHICHARITO&#8221;: LUC\u00cdA VILLAL\u00d3N<\/a><\/p>\n<p>Sodi escribi\u00f3 junto al video: &#8220;Cursi yo, \u00a1pero me vale!&#8221;, adem\u00e1s de colocar &#8216;emojis&#8217; de coraz\u00f3n, chocolates, queso y la imagen que aparenta ser una mujer embarazada, lo que encendi\u00f3 de inmediato las reacciones de la gente preguntando cosas como &#8220;baby chicharito on the way??? (\u00bfChicharito beb\u00e9 en camino?)&#8221;.<\/p>\n<p><a href=\"https:\/\/www.futboltotal.com.mx\/wp-content\/uploads\/2017\/03\/Insta-Camila-Sodi.jpg\"><img decoding=\"async\" loading=\"lazy\" class=\"aligncenter size-full wp-image-464955\" src=\"https:\/\/www.futboltotal.com.mx\/wp-content\/uploads\/2017\/03\/Insta-Camila-Sodi.jpg\" alt=\"\u00a1\u00bfChicharito Hern\u00e1ndez y Camila Sodi ser\u00e1n padres?! 0\" srcset=\"http:\/\/desarrollo.grupomedios.com\/futbol\/wp-content\/uploads\/2017\/03\/Insta-Camila-Sodi.jpg 652w, http:\/\/desarrollo.grupomedios.com\/futbol\/wp-content\/uploads\/2017\/03\/Insta-Camila-Sodi-300x185.jpg 300w\" sizes=\"(max-width: 652px) 100vw, 652px\" \/><\/a><\/p>\n<p>Sin embargo, hubo otros usuarios que aprovecharon la publicaci\u00f3n para\u00a0recriminar a la pareja su nueva relaci\u00f3n, cuando muchos daban por hecho que la boda de Javier Hern\u00e1ndez con la espa\u00f1ola Luc\u00eda Villal\u00f3n era inminente, con palabras como &#8220;C\u00f3mo tienes la cara de &#8220;tont\u00edn&#8221; el Chicharito.. le dir\u00e1n Q es de el.. jajaja. Estuvo mal como @camilasodi_ se le meti\u00f3 en la cama. Y lo ir\u00e1 a pagar x hacerle da\u00f1o a ciertas personas. Remember &#8220;Karma is a bitch&#8221;&#8221;.<\/p>\n<p style=\"text-align: center;\"><a href=\"https:\/\/www.futboltotal.com.mx\/2017\/02\/camila-sodi-nuevo-amor-chicharito\/\">VER M\u00c1S: CAMILA SODI, EL NUEVO AMOR DE CHICHARITO<\/a><\/p>\n<p class=\"p1\"><span class=\"s1\"><b>S\u00edguenos en Twitter<\/b>:\u00a0<a href=\"https:\/\/twitter.com\/MXFutbolTotal\"><span class=\"s2\">@MXFutbolTotal<\/span><\/a><\/span><\/p>\n","protected":false},"excerpt":{"rendered":"<p>Una publicaci\u00f3n de la actriz en redes sociales ha despertado los rumores de embarazo.<\/p>\n","protected":false},"author":20,"featured_media":464957,"comment_status":"closed","ping_status":"closed","sticky":false,"template":"","format":"standard","meta":[],"categories":[5419],"tags":[4335,8198,120,5985,549,8293,1862],"_links":{"self":[{"href":"http:\/\/desarrollo.grupomedios.com\/futbol\/wp-json\/wp\/v2\/posts\/464951"}],"collection":[{"href":"http:\/\/desarrollo.grupomedios.com\/futbol\/wp-json\/wp\/v2\/posts"}],"about":[{"href":"http:\/\/desarrollo.grupomedios.com\/futbol\/wp-json\/wp\/v2\/types\/post"}],"author":[{"embeddable":true,"href":"http:\/\/desarrollo.grupomedios.com\/futbol\/wp-json\/wp\/v2\/users\/20"}],"replies":[{"embeddable":true,"href":"http:\/\/desarrollo.grupomedios.com\/futbol\/wp-json\/wp\/v2\/comments?post=464951"}],"version-history":[{"count":0,"href":"http:\/\/desarrollo.grupomedios.com\/futbol\/wp-json\/wp\/v2\/posts\/464951\/revisions"}],"wp:featuredmedia":[{"embeddable":true,"href":"http:\/\/desarrollo.grupomedios.com\/futbol\/wp-json\/wp\/v2\/media\/464957"}],"wp:attachment":[{"href":"http:\/\/desarrollo.grupomedios.com\/futbol\/wp-json\/wp\/v2\/media?parent=464951"}],"wp:term":[{"taxonomy":"category","embeddable":true,"href":"http:\/\/desarrollo.grupomedios.com\/futbol\/wp-json\/wp\/v2\/categories?post=464951"},{"taxonomy":"post_tag","embeddable":true,"href":"http:\/\/desarrollo.grupomedios.com\/futbol\/wp-json\/wp\/v2\/tags?post=464951"}],"curies":[{"name":"wp","href":"https:\/\/api.w.org\/{rel}","templated":true}]}}