{"id":464965,"date":"2017-03-01T11:29:22","date_gmt":"2017-03-01T17:29:22","guid":{"rendered":"https:\/\/www.futboltotal.com.mx\/?p=464965"},"modified":"2017-03-01T11:29:22","modified_gmt":"2017-03-01T17:29:22","slug":"en-roma-premiaran-a-claudio-ranieri-titulo-leicester","status":"publish","type":"post","link":"http:\/\/desarrollo.grupomedios.com\/futbol\/futbol-internacional\/en-roma-premiaran-a-claudio-ranieri-titulo-leicester\/2017\/03","title":{"rendered":"En Roma premiar\u00e1n a Ranieri por su hist\u00f3rica haza\u00f1a"},"content":{"rendered":"<p>El Ayuntamiento de Roma inform\u00f3 \u00a0que ha invitado al entrenador italiano <strong>Claudio Ranieri<\/strong> al Capitolio para premiarle por haber &#8220;escrito la historia&#8221; del Leicester City ingl\u00e9s, al ganar el t\u00edtulo liguero la pasada temporada.<\/p>\n<p>La alcaldesa de la capital italiana, Virginia Raggi, premiar\u00e1 a <strong>Ranieri<\/strong>, que naci\u00f3 en Roma, por la haza\u00f1a lograda en el curso pasado, cuando conquist\u00f3 el campeonato ingl\u00e9s con un equipo que el a\u00f1o anterior se hab\u00eda salvado del descenso en la \u00faltima jornada.<\/p>\n<p style=\"text-align: center;\"><a href=\"https:\/\/www.futboltotal.com.mx\/2017\/03\/carlos-vela-esta-encima-todos-chucho-ramirez\/\"><span style=\"color: #3366ff;\">LEER M\u00c1S:\u00a0Carlos Vela est\u00e1 por encima de todos: Chucho Ram\u00edrez<\/span><\/a><\/p>\n<p>El anuncio, realizado mediante un comunicado por el concejal de Deporte, Daniele Frongia, se produce despu\u00e9s de que el t\u00e9cnico italiano fuera destituido por sorpresa de su cargo el pasado jueves.<\/p>\n<p>A pesar de los malos resultados de esta campa\u00f1a, la directiva del Leicester hab\u00eda informado al principio de febrero de que Ranieri contaba con su total apoyo, antes de cambiar de opini\u00f3n y despedirle.<\/p>\n<p style=\"text-align: center;\"><a href=\"https:\/\/www.futboltotal.com.mx\/2017\/03\/las-10-cosas-paulo-dybala-la-joya-pelean-madrid-barca\/\"><span style=\"color: #3366ff;\">LEER M\u00c1S:\u00a0Las 10 cosas de Paulo Dybala, la joya que pelean Madrid y Bar\u00e7a<\/span><\/a><\/p>\n<p>&#8220;Hemos invitado a <strong>Claudio Ranieri<\/strong> al Capitolio para premiarle, a nombre de la alcaldesa Raggi y de la Administraci\u00f3n de Roma, por el sensacional trabajo realizado al mando del Leicester City, culminado con la hist\u00f3rica conquista de la Premier League&#8221;, inform\u00f3 Frongia.<\/p>\n<p>En el comunicado, el concejal destaca adem\u00e1s que Ranieri &#8220;llen\u00f3 de orgullo a los aficionados ingleses e italianos de todo el mundo&#8221; y que ser\u00e1 premiado por ser un &#8220;romano aut\u00e9ntico &#8220;.<\/p>\n<p><b>S\u00edguenos en <span id=\"m_3811370200253528181goog_2054972132\"><\/span>Twitter <a href=\"https:\/\/twitter.com\/MXFutbolTotal\" target=\"_blank\" data-saferedirecturl=\"https:\/\/www.google.com\/url?hl=es&amp;q=https:\/\/twitter.com\/MXFutbolTotal&amp;source=gmail&amp;ust=1488471048198000&amp;usg=AFQjCNH2jRgVZK1cJ5HRzH8Wa-ih3FAV2g\">@MXFutbolTotal<\/a><\/b><\/p>\n","protected":false},"excerpt":{"rendered":"<p>El t\u00e9cnico llen\u00f3 de orgullo a los ingleses e  italianos de todo el mundo, aseguran.<\/p>\n","protected":false},"author":144,"featured_media":464968,"comment_status":"closed","ping_status":"closed","sticky":false,"template":"","format":"standard","meta":[],"categories":[3839,3846],"tags":[5025,775],"_links":{"self":[{"href":"http:\/\/desarrollo.grupomedios.com\/futbol\/wp-json\/wp\/v2\/posts\/464965"}],"collection":[{"href":"http:\/\/desarrollo.grupomedios.com\/futbol\/wp-json\/wp\/v2\/posts"}],"about":[{"href":"http:\/\/desarrollo.grupomedios.com\/futbol\/wp-json\/wp\/v2\/types\/post"}],"author":[{"embeddable":true,"href":"http:\/\/desarrollo.grupomedios.com\/futbol\/wp-json\/wp\/v2\/users\/144"}],"replies":[{"embeddable":true,"href":"http:\/\/desarrollo.grupomedios.com\/futbol\/wp-json\/wp\/v2\/comments?post=464965"}],"version-history":[{"count":0,"href":"http:\/\/desarrollo.grupomedios.com\/futbol\/wp-json\/wp\/v2\/posts\/464965\/revisions"}],"wp:featuredmedia":[{"embeddable":true,"href":"http:\/\/desarrollo.grupomedios.com\/futbol\/wp-json\/wp\/v2\/media\/464968"}],"wp:attachment":[{"href":"http:\/\/desarrollo.grupomedios.com\/futbol\/wp-json\/wp\/v2\/media?parent=464965"}],"wp:term":[{"taxonomy":"category","embeddable":true,"href":"http:\/\/desarrollo.grupomedios.com\/futbol\/wp-json\/wp\/v2\/categories?post=464965"},{"taxonomy":"post_tag","embeddable":true,"href":"http:\/\/desarrollo.grupomedios.com\/futbol\/wp-json\/wp\/v2\/tags?post=464965"}],"curies":[{"name":"wp","href":"https:\/\/api.w.org\/{rel}","templated":true}]}}