{"id":465068,"date":"2017-03-01T15:42:43","date_gmt":"2017-03-01T21:42:43","guid":{"rendered":"https:\/\/www.futboltotal.com.mx\/?p=465068"},"modified":"2017-03-01T15:42:43","modified_gmt":"2017-03-01T21:42:43","slug":"jona-dos-santos-villarreal-golean-al-osasuna","status":"publish","type":"post","link":"http:\/\/desarrollo.grupomedios.com\/futbol\/futbol-internacional\/jona-dos-santos-villarreal-golean-al-osasuna\/2017\/03","title":{"rendered":"Jona Dos Santos y Villarreal golean al Osasuna"},"content":{"rendered":"<p>El Villarreal, donde participa el mexicano Jonathan Dos Santos, se llev\u00f3 de Pamplona un triunfo facil\u00f3n al aprovechar la debilidad defensiva incurable de un Osasuna que se acerca de forma inexorable al descenso (1-4).<\/p>\n<p>Los goles de Roberto Soriano y Roberto Soldado, dedicados a Sergio Asenjo, lesionado de gravedad ante el Real Madrid, sentenciaron el partido en 27 minutos de juego a favor del equipo de Fran Escrib\u00e1, que vio el encuentro desde las cabinas de prensa al estar sancionado.<\/p>\n<p>https:\/\/twitter.com\/VillarrealCF\/status\/837034402240692226<\/p>\n<p>Un gol de penalti de Roberto Torres meti\u00f3 en el partido a Osasuna de forma enga\u00f1osa en la segunda parte, ya que el Villarreal at\u00f3 los tres puntos con dos goles del colombiano Santos Borr\u00e9 para seguir peleando por Europa, mientras que Osasuna sigue sin ganar en casa y se encamina a Segunda Divisi\u00f3n.<\/p>\n<p>El conjunto castellonense se vali\u00f3 de los problemas defensivos de los locales desde el primer instante. El primer pase largo a la espalda de los centrales &#8216;rojillos&#8217; supuso el primer gol a los dos minutos de juego, en una jugada con errores en cascada de Osasuna.<\/p>\n<p style=\"text-align: center;\"><span style=\"color: #3366ff;\"><a style=\"color: #3366ff;\" href=\"https:\/\/www.futboltotal.com.mx\/2017\/03\/termina-la-era-luis-enrique-en-barcelona\/\">LEER M\u00c1S: \u00a1Termina la Era de Luis Enrique en Barcelona!<\/a><\/span><\/p>\n<p>El equipo visitante perdon\u00f3 a Osasuna en los primeros minutos del segundo periodo, en los que desaprovech\u00f3 peligrosas llegadas con la velocidad de Bakambu.<\/p>\n<p>Osasuna entr\u00f3 en el partido tras un penalti de Musacchio a Sergio L\u00e9on, que Roberto Torres transform\u00f3 en gol (1-2, m.64).<\/p>\n<p>El equipo de Petar Vasiljevic pudo empatar en un remate de cabeza de Oriol Riera, pero el Villarreal, al que le anularon un gol por fuera de juego de Bakambu, no dio ninguna opci\u00f3n a Osasuna al sentenciar con dos goles de Santos Borr\u00e9 en cuatro minutos (74 y 78). Dos Santos mand\u00f3 un bal\u00f3n al larguero en el tiempo a\u00f1adido.<\/p>\n","protected":false},"excerpt":{"rendered":"<p>Dos Santos particip\u00f3 los 90 minutos.<\/p>\n","protected":false},"author":144,"featured_media":418028,"comment_status":"closed","ping_status":"closed","sticky":false,"template":"","format":"standard","meta":[],"categories":[3839,5951],"tags":[2607],"_links":{"self":[{"href":"http:\/\/desarrollo.grupomedios.com\/futbol\/wp-json\/wp\/v2\/posts\/465068"}],"collection":[{"href":"http:\/\/desarrollo.grupomedios.com\/futbol\/wp-json\/wp\/v2\/posts"}],"about":[{"href":"http:\/\/desarrollo.grupomedios.com\/futbol\/wp-json\/wp\/v2\/types\/post"}],"author":[{"embeddable":true,"href":"http:\/\/desarrollo.grupomedios.com\/futbol\/wp-json\/wp\/v2\/users\/144"}],"replies":[{"embeddable":true,"href":"http:\/\/desarrollo.grupomedios.com\/futbol\/wp-json\/wp\/v2\/comments?post=465068"}],"version-history":[{"count":0,"href":"http:\/\/desarrollo.grupomedios.com\/futbol\/wp-json\/wp\/v2\/posts\/465068\/revisions"}],"wp:featuredmedia":[{"embeddable":true,"href":"http:\/\/desarrollo.grupomedios.com\/futbol\/wp-json\/wp\/v2\/media\/418028"}],"wp:attachment":[{"href":"http:\/\/desarrollo.grupomedios.com\/futbol\/wp-json\/wp\/v2\/media?parent=465068"}],"wp:term":[{"taxonomy":"category","embeddable":true,"href":"http:\/\/desarrollo.grupomedios.com\/futbol\/wp-json\/wp\/v2\/categories?post=465068"},{"taxonomy":"post_tag","embeddable":true,"href":"http:\/\/desarrollo.grupomedios.com\/futbol\/wp-json\/wp\/v2\/tags?post=465068"}],"curies":[{"name":"wp","href":"https:\/\/api.w.org\/{rel}","templated":true}]}}