{"id":465072,"date":"2017-03-01T16:28:34","date_gmt":"2017-03-01T22:28:34","guid":{"rendered":"https:\/\/www.futboltotal.com.mx\/?p=465072"},"modified":"2017-03-01T16:37:10","modified_gmt":"2017-03-01T22:37:10","slug":"resultado-real-madrid-3-3-las-palmas-la-liga","status":"publish","type":"post","link":"http:\/\/desarrollo.grupomedios.com\/futbol\/destacado-home\/resultado-real-madrid-3-3-las-palmas-la-liga\/2017\/03","title":{"rendered":"Cristiano Ronaldo salva a Real Madrid de caer ante Las Palmas"},"content":{"rendered":"<p>Este mi\u00e9rcoles vivimos uno de los mejores juegos en la Liga, pues <strong>Real Madrid<\/strong> rescat\u00f3 sobre la hora un punto ante <strong>Las Palmas<\/strong> que estaban sorprendiendo.<\/p>\n<p><strong>Real Madrid<\/strong> inici\u00f3 el encuentro volcado al frente en busca del gol y es que su primer acci\u00f3n de peligro fue al minuto de juego cuando el \u00e1rbitro le anulo un gol a Morata por una posici\u00f3n adelantada. Minutos despu\u00e9s Isco por fin pudo adelantar a los Merengues luego de una gran definici\u00f3n ante la salida del guardameta.<\/p>\n<p>La alegr\u00eda dur\u00f3 muy poco para los locales y es que Tana recibi\u00f3 un bal\u00f3n por el lado derecho que le permiti\u00f3 quitarse a Ramos con un solo movimiento para entrar solo frente a Keylor Navas y marcar el tanto del empate para <strong>Las Palmas.\u00a0<\/strong><\/p>\n<p style=\"text-align: center;\"><span style=\"color: #3366ff;\"><a style=\"color: #3366ff;\" href=\"https:\/\/www.futboltotal.com.mx\/2017\/03\/en-vivo-real-madrid-vs-las-palmas-la-liga\/\" target=\"_blank\">LEER M\u00c1S: AS\u00cd SE VIVI\u00d3: Real Madrid 3-3 Las Palmas | La Liga\u00a0<\/a><\/span><\/p>\n<p>El juego continuo con un dinamismo bastante bueno, que parec\u00eda que el juego terminar\u00eda con un marcador muy amplio, pero el primer tiempo solo nos regal\u00f3 emociones de m\u00e1s que nos dejaban con m\u00e1s ganas para el complemento.<\/p>\n<p>En la segunda mitad Gareth Bale se fue expulsado por una agresi\u00f3n a un rival, esto complicaba m\u00e1s las cosas para un <strong>Real Madrid<\/strong> que no encontraba a Cristiano Ronaldo.<\/p>\n<p>Al 56&#8242; una mano de Serio Ramos fue sancionada como penal que le permiti\u00f3 a Viera hacer el segundo del partido y con el que empezar\u00eda la debacle del conjunto Merengue. Pues 4 minutos m\u00e1s tardes un trazo largo encontr\u00f3 a <strong>Boateng,<\/strong> que le gan\u00f3 la espalda a Marcelo, para despu\u00e9s quitarse a Keylor y definir con el marco abierto.<\/p>\n<p><strong>Cristiano Ronaldo<\/strong> acerc\u00f3 a su equipo en el marcador con un penal que marcaron a favor del cuadro Merengue. En el 86&#8242; fue el mismo Cristiano el que se encarg\u00f3 de empatar el juego con un maravilloso cabezazo.<\/p>\n<p>El <em>7<\/em> del <em>Madrid<\/em> se visti\u00f3 de h\u00e9roe y salv\u00f3 a su equipo de la derrota en un juego de locura y lleno de goles. real Madrid se mantiene en la segunda posici\u00f3n con un punto menos que Barcelona, pero con un juego pendiente todav\u00eda.<\/p>\n<p><iframe loading=\"lazy\" src=\"https:\/\/www.youtube.com\/embed\/dfY8_2HURK8\" frameborder=\"0\" allowfullscreen=\"allowfullscreen\"><\/iframe><\/p>\n<p>S\u00edguenos en Twitter: <a href=\"https:\/\/twitter.com\/MXFutbolTotal\" target=\"_blank\">@MXFutbolTotal<\/a><\/p>\n","protected":false},"excerpt":{"rendered":"<p>Cristiano se visti\u00f3 de h\u00e9roe en el empate de su equipo con Las Palmas. <\/p>\n","protected":false},"author":20,"featured_media":465096,"comment_status":"closed","ping_status":"closed","sticky":false,"template":"","format":"standard","meta":[],"categories":[5,3839,3844],"tags":[4465,5988],"_links":{"self":[{"href":"http:\/\/desarrollo.grupomedios.com\/futbol\/wp-json\/wp\/v2\/posts\/465072"}],"collection":[{"href":"http:\/\/desarrollo.grupomedios.com\/futbol\/wp-json\/wp\/v2\/posts"}],"about":[{"href":"http:\/\/desarrollo.grupomedios.com\/futbol\/wp-json\/wp\/v2\/types\/post"}],"author":[{"embeddable":true,"href":"http:\/\/desarrollo.grupomedios.com\/futbol\/wp-json\/wp\/v2\/users\/20"}],"replies":[{"embeddable":true,"href":"http:\/\/desarrollo.grupomedios.com\/futbol\/wp-json\/wp\/v2\/comments?post=465072"}],"version-history":[{"count":0,"href":"http:\/\/desarrollo.grupomedios.com\/futbol\/wp-json\/wp\/v2\/posts\/465072\/revisions"}],"wp:featuredmedia":[{"embeddable":true,"href":"http:\/\/desarrollo.grupomedios.com\/futbol\/wp-json\/wp\/v2\/media\/465096"}],"wp:attachment":[{"href":"http:\/\/desarrollo.grupomedios.com\/futbol\/wp-json\/wp\/v2\/media?parent=465072"}],"wp:term":[{"taxonomy":"category","embeddable":true,"href":"http:\/\/desarrollo.grupomedios.com\/futbol\/wp-json\/wp\/v2\/categories?post=465072"},{"taxonomy":"post_tag","embeddable":true,"href":"http:\/\/desarrollo.grupomedios.com\/futbol\/wp-json\/wp\/v2\/tags?post=465072"}],"curies":[{"name":"wp","href":"https:\/\/api.w.org\/{rel}","templated":true}]}}