{"id":465104,"date":"2017-03-01T17:05:26","date_gmt":"2017-03-01T23:05:26","guid":{"rendered":"https:\/\/www.futboltotal.com.mx\/?p=465104"},"modified":"2017-03-01T17:05:26","modified_gmt":"2017-03-01T23:05:26","slug":"jair-pereira-quiso-lastimarme-jonathan-fabbro","status":"publish","type":"post","link":"http:\/\/desarrollo.grupomedios.com\/futbol\/futbol-mexicano\/jair-pereira-quiso-lastimarme-jonathan-fabbro\/2017\/03","title":{"rendered":"Jair Pereira no quiso lastimarme: Jonathan Fabbro"},"content":{"rendered":"<p>Tras analizar el video en el que <strong>Jair Pereira<\/strong> fractur\u00f3 la nariz de <strong>Jonathan Fabbro<\/strong>, la Liga MX decidi\u00f3 suspender por dos juegos al jugador de las Chivas; sin embargo, el jugador de <em>Jaguares<\/em> no se dice satisfecho por la sanci\u00f3n, debido a que \u00e9l no pidi\u00f3 que se castigara al <em>rojiblanco<\/em>.<\/p>\n<p>\u201cHabl\u00e9 con <strong>Jair Pereira<\/strong>, me ofreci\u00f3 disculpas, estuvimos hablando del contacto y por ese lado tranquilo, estaba preocupado y le dije que se quede tranquilo que era futbol y no pasaba nada\u201d, indic\u00f3 <strong>Jonathan Fabbro<\/strong> tras salir del hospital, luego de la operaci\u00f3n en la nariz.<\/p>\n<p style=\"text-align: center;\"><span style=\"color: #3366ff;\"><a style=\"color: #3366ff;\" href=\"https:\/\/www.futboltotal.com.mx\/2017\/02\/liga-mx-sanciona-a-jair-pereira-agresion-fabbro\/\" target=\"_blank\"><strong>LEER M\u00c1S: Jair Pereira, suspendido tras investigaci\u00f3n de Liga MX<\/strong><\/a><\/span><\/p>\n<p>\u201cEn ning\u00fan momento ped\u00ed alguna sanci\u00f3n, no estaba al tanto, me enter\u00e9 reci\u00e9n ayer que le hab\u00edan dado una sanci\u00f3n, pero en lo personal no la ped\u00ed ni tampoco me pone contento porque es un colega y fue una jugada que no quiso hacerlo y pas\u00f3, pero ahora tratar de pensar en la recuperaci\u00f3n\u201d, agreg\u00f3.<\/p>\n<blockquote class=\"instagram-media\" style=\"background: #FFF; border: 0; border-radius: 3px; box-shadow: 0 0 1px 0 rgba(0,0,0,0.5),0 1px 10px 0 rgba(0,0,0,0.15); margin: 1px; max-width: 658px; padding: 0; width: calc(100% - 2px);\" data-instgrm-captioned=\"\" data-instgrm-version=\"7\">\n<div style=\"padding: 8px;\">\n<div style=\"background: #F8F8F8; line-height: 0; margin-top: 40px; padding: 37.592592592592595% 0; text-align: center; width: 100%;\"><\/div>\n<p style=\"margin: 8px 0 0 0; padding: 0 4px;\"><a style=\"color: #000; font-family: Arial,sans-serif; font-size: 14px; font-style: normal; font-weight: normal; line-height: 17px; text-decoration: none; word-wrap: break-word;\" href=\"https:\/\/www.instagram.com\/p\/BRG8jS4lFix\/\" target=\"_blank\">\u2764\ufe0f @jonathanfabbro17 Gracias Dios&#8230;! Luego de la conferencia de prensa..! A recuperarnos&#8230;! Mi campe\u00f3n..! &#x1f4aa;&#x1f3fb;<\/a><\/p>\n<p style=\"color: #c9c8cd; font-family: Arial,sans-serif; font-size: 14px; line-height: 17px; margin-bottom: 0; margin-top: 8px; overflow: hidden; padding: 8px 0 7px; text-align: center; text-overflow: ellipsis; white-space: nowrap;\">Una publicaci\u00f3n compartida de Lari Riquelme (@laririquelmeoficial) el <time style=\"font-family: Arial,sans-serif; font-size: 14px; line-height: 17px;\" datetime=\"2017-03-01T20:14:30+00:00\">1 de Mar de 2017 a la(s) 12:14 PST<\/time><\/p>\n<\/div>\n<\/blockquote>\n<p><script async defer src=\"\/\/platform.instagram.com\/en_US\/embeds.js\"><\/script><\/p>\n<p><strong>S\u00edguenos en Twitter:<\/strong> <a href=\"https:\/\/twitter.com\/MXFutbolTotal\" target=\"_blank\">@MXFutbolTotal<\/a><\/p>\n","protected":false},"excerpt":{"rendered":"<p>El futbolista de Jaguares, no se alegra por la sanci\u00f3n al rojiblanco.<\/p>\n","protected":false},"author":20,"featured_media":465107,"comment_status":"closed","ping_status":"closed","sticky":false,"template":"","format":"standard","meta":[],"categories":[2198,3845],"tags":[5964,70],"_links":{"self":[{"href":"http:\/\/desarrollo.grupomedios.com\/futbol\/wp-json\/wp\/v2\/posts\/465104"}],"collection":[{"href":"http:\/\/desarrollo.grupomedios.com\/futbol\/wp-json\/wp\/v2\/posts"}],"about":[{"href":"http:\/\/desarrollo.grupomedios.com\/futbol\/wp-json\/wp\/v2\/types\/post"}],"author":[{"embeddable":true,"href":"http:\/\/desarrollo.grupomedios.com\/futbol\/wp-json\/wp\/v2\/users\/20"}],"replies":[{"embeddable":true,"href":"http:\/\/desarrollo.grupomedios.com\/futbol\/wp-json\/wp\/v2\/comments?post=465104"}],"version-history":[{"count":0,"href":"http:\/\/desarrollo.grupomedios.com\/futbol\/wp-json\/wp\/v2\/posts\/465104\/revisions"}],"wp:featuredmedia":[{"embeddable":true,"href":"http:\/\/desarrollo.grupomedios.com\/futbol\/wp-json\/wp\/v2\/media\/465107"}],"wp:attachment":[{"href":"http:\/\/desarrollo.grupomedios.com\/futbol\/wp-json\/wp\/v2\/media?parent=465104"}],"wp:term":[{"taxonomy":"category","embeddable":true,"href":"http:\/\/desarrollo.grupomedios.com\/futbol\/wp-json\/wp\/v2\/categories?post=465104"},{"taxonomy":"post_tag","embeddable":true,"href":"http:\/\/desarrollo.grupomedios.com\/futbol\/wp-json\/wp\/v2\/tags?post=465104"}],"curies":[{"name":"wp","href":"https:\/\/api.w.org\/{rel}","templated":true}]}}