{"id":465118,"date":"2017-03-01T17:46:31","date_gmt":"2017-03-01T23:46:31","guid":{"rendered":"https:\/\/www.futboltotal.com.mx\/?p=465118"},"modified":"2017-03-01T17:46:31","modified_gmt":"2017-03-01T23:46:31","slug":"guardiola-considera-luis-enrique-perfecto-barcelona","status":"publish","type":"post","link":"http:\/\/desarrollo.grupomedios.com\/futbol\/futbol-internacional\/guardiola-considera-luis-enrique-perfecto-barcelona\/2017\/03","title":{"rendered":"Guardiola considera que Luis Enrique es perfecto para Barcelona"},"content":{"rendered":"<p><strong>Pep Guardiola<\/strong>, t\u00e9cnico del Manchester City, lament\u00f3 este mi\u00e9rcoles el anuncio de<strong> Luis Enrique<\/strong> de dejar el banquillo del FC Barcelona a final de temporada y asegur\u00f3 que el asturiano es &#8220;el entrenador perfecto&#8221; para el conjunto azulgrana.<\/p>\n<blockquote><p>&#8220;Como aficionado, estoy muy triste porque perdemos al entrenador perfecto para el Barcelona, por su personalidad y por su car\u00e1cter. Durante tres a\u00f1os han jugado un f\u00fatbol incre\u00edble&#8221;, dijo <strong>Guardiola<\/strong> en rueda de prensa tras la victoria de su equipo sobre el Huddersfield Town en la Copa de Inglaterra (5-1).<\/p>\n<p>&#8220;Para ser entrenador del Barcelona debes ir a la tuya, escuchar poco y tomar decisiones impopulares. \u00c9l es un maestro; su equipo ha jugado como nadie, son el mejor equipo del mundo. Por otro lado, conociendo el sitio, lo entiendo perfectamente y le deseo lo mejor&#8221;, se\u00f1al\u00f3 el preparador catal\u00e1n.<\/p><\/blockquote>\n<p><a href=\"https:\/\/www.futboltotal.com.mx\/2017\/03\/termina-la-era-luis-enrique-en-barcelona\/\" target=\"_blank\">Luis Enrique anunci\u00f3 en la noche de este mi\u00e9rcoles que, despu\u00e9s de meditarlo mucho, no renovar\u00e1 el contrato con el Barcelona a final de la presente temporada.<\/a><\/p>\n<p><strong>S\u00edguenos en Twitter:<\/strong> <a href=\"https:\/\/twitter.com\/MXFutbolTotal\" target=\"_blank\">@MXFutbolTotal<\/a><\/p>\n","protected":false},"excerpt":{"rendered":"<p>El entrenador del Manchester City habl\u00f3 de su compatriota. <\/p>\n","protected":false},"author":144,"featured_media":465123,"comment_status":"closed","ping_status":"closed","sticky":false,"template":"","format":"standard","meta":[],"categories":[3839,3844],"tags":[5984,4051,1791],"_links":{"self":[{"href":"http:\/\/desarrollo.grupomedios.com\/futbol\/wp-json\/wp\/v2\/posts\/465118"}],"collection":[{"href":"http:\/\/desarrollo.grupomedios.com\/futbol\/wp-json\/wp\/v2\/posts"}],"about":[{"href":"http:\/\/desarrollo.grupomedios.com\/futbol\/wp-json\/wp\/v2\/types\/post"}],"author":[{"embeddable":true,"href":"http:\/\/desarrollo.grupomedios.com\/futbol\/wp-json\/wp\/v2\/users\/144"}],"replies":[{"embeddable":true,"href":"http:\/\/desarrollo.grupomedios.com\/futbol\/wp-json\/wp\/v2\/comments?post=465118"}],"version-history":[{"count":0,"href":"http:\/\/desarrollo.grupomedios.com\/futbol\/wp-json\/wp\/v2\/posts\/465118\/revisions"}],"wp:featuredmedia":[{"embeddable":true,"href":"http:\/\/desarrollo.grupomedios.com\/futbol\/wp-json\/wp\/v2\/media\/465123"}],"wp:attachment":[{"href":"http:\/\/desarrollo.grupomedios.com\/futbol\/wp-json\/wp\/v2\/media?parent=465118"}],"wp:term":[{"taxonomy":"category","embeddable":true,"href":"http:\/\/desarrollo.grupomedios.com\/futbol\/wp-json\/wp\/v2\/categories?post=465118"},{"taxonomy":"post_tag","embeddable":true,"href":"http:\/\/desarrollo.grupomedios.com\/futbol\/wp-json\/wp\/v2\/tags?post=465118"}],"curies":[{"name":"wp","href":"https:\/\/api.w.org\/{rel}","templated":true}]}}